{"id":24144,"date":"2025-09-29T15:03:27","date_gmt":"2025-09-29T15:03:27","guid":{"rendered":"https:\/\/hormigaradio.com\/?p=24144"},"modified":"2025-09-29T15:04:36","modified_gmt":"2025-09-29T15:04:36","slug":"policia-desmantela-presunta-banda-delictiva-en-villa-gonzalez-ocupa-armas","status":"publish","type":"post","link":"https:\/\/hormigaradio.com\/?p=24144","title":{"rendered":"POLIC\u00cdA DESMANTELA PRESUNTA BANDA DELICTIVA EN VILLA GONZ\u00c1LEZ; OCUPA ARMAS"},"content":{"rendered":"<p><img loading=\"lazy\" class=\"alignnone wp-image-15152\" src=\"http:\/\/hormigaradio.com\/wp-content\/uploads\/2022\/01\/FIRMA-para-Hormiga-Radio-300x158.jpeg\" alt=\"\" width=\"80\" height=\"42\" \/><\/p>\n<p>La Polic\u00eda Nacional, en un operativo conjunto con unidades t\u00e1cticas especializadas, desmantel\u00f3 una presunta banda delictiva compuesta por diez individuos en Villa Gonz\u00e1lez, ocupando un arsenal de armas de fuego, chalecos antibalas, pasamonta\u00f1as y varios celulares.<\/p>\n<p>Los detenidos son Brerili Pichardo Ure\u00f1a, David Rafael Jim\u00e9nez Jim\u00e9nez, Estuart Samil Lantigua Veras, Leinni Garc\u00eda Contreras, Dailin Medina Fr\u00edas, Ariel Liriano, \u00c1ngel Raposo, Ceilin Moreta Tav\u00e1rez, Antoni de Jes\u00fas Le\u00f3n Jim\u00e9nez y Albert Gilberto Hern\u00e1ndez Toribio, todos mayores de edad y residentes en distintos sectores de Santiago de los Caballeros, principalmente Cienfuegos y Villa Gonz\u00e1lez.<\/p>\n<p>La intervenci\u00f3n se produjo tras un ataque a tiros desde un veh\u00edculo contra una patrulla policial motorizada, cuando realizaba labores de prevenci\u00f3n cerca de una caba\u00f1a en el sector San Pablo. El veh\u00edculo huy\u00f3, dejando evidencias en la habitaci\u00f3n, lo que motiv\u00f3 un operativo conjunto de investigaci\u00f3n y apoyo t\u00e1ctico.<\/p>\n<p>Durante el arresto, se ocuparon 7 armas de fuego, incluyendo pistolas de diferentes marcas y calibres y un arma tipo Uzi, 3 chalecos antibalas, 6 pasamonta\u00f1as, 10 celulares y 4 motocicletas en una finca cercana, utilizadas presuntamente por la banda.<\/p>\n<p>Informaciones preliminares indican que los detenidos se preparaban para ejecutar m\u00faltiples asaltos coordinados. La Polic\u00eda tiene identificado al presunto cabecilla del grupo delictivo.<\/p>\n<p>Algunos de los arrestados tienen antecedentes penales y procesos judiciales pendientes, los cuales ser\u00e1n verificados por el Ministerio P\u00fablico.<\/p>\n<p>El caso ser\u00e1 remitido a la Fiscal\u00eda de Santiago para los fines legales correspondientes.<\/p>\n<p>Impactos: 32<\/p>","protected":false},"excerpt":{"rendered":"<p>La Polic\u00eda Nacional, en un operativo conjunto con unidades t\u00e1cticas especializadas, desmantel\u00f3 una presunta banda delictiva compuesta por diez individuos en Villa Gonz\u00e1lez, ocupando<\/p>\n","protected":false},"author":3,"featured_media":24146,"comment_status":"closed","ping_status":"closed","sticky":false,"template":"","format":"standard","meta":[],"categories":[3],"tags":[],"_links":{"self":[{"href":"https:\/\/hormigaradio.com\/index.php?rest_route=\/wp\/v2\/posts\/24144"}],"collection":[{"href":"https:\/\/hormigaradio.com\/index.php?rest_route=\/wp\/v2\/posts"}],"about":[{"href":"https:\/\/hormigaradio.com\/index.php?rest_route=\/wp\/v2\/types\/post"}],"author":[{"embeddable":true,"href":"https:\/\/hormigaradio.com\/index.php?rest_route=\/wp\/v2\/users\/3"}],"replies":[{"embeddable":true,"href":"https:\/\/hormigaradio.com\/index.php?rest_route=%2Fwp%2Fv2%2Fcomments&post=24144"}],"version-history":[{"count":1,"href":"https:\/\/hormigaradio.com\/index.php?rest_route=\/wp\/v2\/posts\/24144\/revisions"}],"predecessor-version":[{"id":24145,"href":"https:\/\/hormigaradio.com\/index.php?rest_route=\/wp\/v2\/posts\/24144\/revisions\/24145"}],"wp:featuredmedia":[{"embeddable":true,"href":"https:\/\/hormigaradio.com\/index.php?rest_route=\/wp\/v2\/media\/24146"}],"wp:attachment":[{"href":"https:\/\/hormigaradio.com\/index.php?rest_route=%2Fwp%2Fv2%2Fmedia&parent=24144"}],"wp:term":[{"taxonomy":"category","embeddable":true,"href":"https:\/\/hormigaradio.com\/index.php?rest_route=%2Fwp%2Fv2%2Fcategories&post=24144"},{"taxonomy":"post_tag","embeddable":true,"href":"https:\/\/hormigaradio.com\/index.php?rest_route=%2Fwp%2Fv2%2Ftags&post=24144"}],"curies":[{"name":"wp","href":"https:\/\/api.w.org\/{rel}","templated":true}]}}