{"id":24150,"date":"2025-09-30T10:30:12","date_gmt":"2025-09-30T10:30:12","guid":{"rendered":"https:\/\/hormigaradio.com\/?p=24150"},"modified":"2025-09-30T10:32:00","modified_gmt":"2025-09-30T10:32:00","slug":"presidente-luis-abinader-promete-casa-policia-justicia-caso-la-barranquita-y-oncologico-cabral-y-baez","status":"publish","type":"post","link":"https:\/\/hormigaradio.com\/?p=24150","title":{"rendered":"PRESIDENTE LUIS ABINADER PROMETE CASA POLIC\u00cdA, JUSTICIA CASO LA BARRANQUITA Y ONCOL\u00d3GICO CABRAL Y B\u00c1EZ"},"content":{"rendered":"<p>Por\u00a0<span class=\"name font-600\"><a title=\"M\u00e1ximo Laureano\" href=\"https:\/\/acento.com.do\/autor\/mlaureano.html\">M\u00e1ximo Laureano<\/a><\/span><\/p>\n<p>El presidente de la Rep\u00fablica, Luis Abinader prometi\u00f3 este lunes la construcci\u00f3n de un edificio para la\u00a0<strong>Polic\u00eda en Santiago<\/strong>,\u00a0<strong>justicia para el caso de los cinco j\u00f3venes asesinados<\/strong>\u00a0por patrulleros en el sector\u00a0<strong>La Barranquita<\/strong>\u00a0y un\u00a0<strong>\u00e1rea de oncolog\u00eda para el Hospital Jos\u00e9 Mar\u00eda Cabral y B\u00e1ez.<\/strong><\/p>\n<p>En respuestas a inquietudes de periodistas que participaron en La Semanal este lunes, el mandatario prometi\u00f3 casa propia para la Polic\u00eda de Santiago, instituci\u00f3n que desde el a\u00f1o 2014, opera en unos barrancones. Seg\u00fan expres\u00f3 el presidente Luis Abinader, la obra podr\u00eda iniciarse el pr\u00f3ximo a\u00f1o, aunque no especific\u00f3 si est\u00e1 proyectada en el presupuesto.<\/p>\n<p>\u201cTenemos pendiente, el a\u00f1o que viene, ver si licitamos el cuartel de la Polic\u00eda que es muy necesario\u201d, dijo el mandatario.<\/p>\n<p>La Polic\u00eda Nacional de Santiago fue desalojada de su local en 2014 para dar paso a la construcci\u00f3n del edificio del Sistema de Emergencia 911, inaugurado por el presidente Danilo Medina en su segundo gobierno 2012-2016.<\/p>\n<section id=\"newsletter\">\n<header class=\"newsletter__header\"><\/header>\n<p class=\"newsletter__disclaimer\">La propuesta promovida por el Gobierno se contempl\u00f3 que se har\u00edan dos edificios, uno de estos para la Polic\u00eda, pero solo se levant\u00f3 la casa del 911, dejando a la instituci\u00f3n del orden en los barracones donde ya suman 11 a\u00f1os en espera de una edificaci\u00f3n.<\/p>\n<\/section>\n<p>La Polic\u00eda viene de estar alojada en un espacio contiguo a la Gobernaci\u00f3n, en la calle Del Sol, esquina calle 30 de marzo, luego fue movida a la Fortaleza San Luis, hasta que fue llevada a la Base \u00c1rea, en la avenida Bartolom\u00e9 Col\u00f3n, donde hoy la instituci\u00f3n opera en condiciones precarias en una estructura de madera y cart\u00f3n.<\/p>\n<div class=\"banner-box\">\n<div id=\"div-gpt-ad-1732723518537-6-1\" data-google-query-id=\"CPTPnpWjgJADFdnglAkdmpMMUw\">\n<div id=\"google_ads_iframe_\/5168668\/News_Middle_02_0__container__\"><strong>Caso de j\u00f3venes asesinados.<\/strong><\/div>\n<\/div>\n<\/div>\n<p>Tras una pregunta sobre el caso del 10 de septiembre donde cinco j\u00f3venes que murieron en presunto enfrentamiento con agentes policiales, el presidente dijo que espera que se realicen las investigaciones para que se haga justicia.<\/p>\n<p>\u201cDurante muchos a\u00f1os se pidi\u00f3 que tener un Ministerio P\u00fablico alejado de la influencia pol\u00edtica y eso es lo que tenemos ahora. Yo estoy confiado en que el Ministerio P\u00fablico investigue y haga justicia con ese caso\u201d, dijo el presidente de la Rep\u00fablica en relaci\u00f3n al hecho.<\/p>\n<p><strong>Unidad Oncolog\u00eda.<\/strong><\/p>\n<p>En una tercera promesa para Santiago, el presidente Luis Abinader dijo que ya empezar\u00e1 a operar la unidad de oncolog\u00eda en el hospital Cabral y B\u00e1ez.<\/p>\n<p>\u201cA partir de esa semana, empieza a funcionar una unidad oncol\u00f3gica en el Hospital Jos\u00e9 Mar\u00eda Cabral y B\u00e1ez, que es parte del plan de red de unidades oncol\u00f3gica y de di\u00e1lisis a nivel nacional&#8221;, manifest\u00f3 el jefe de Estado.<\/p>\n<p>Impactos: 28<\/p>","protected":false},"excerpt":{"rendered":"<p>Por\u00a0M\u00e1ximo Laureano El presidente de la Rep\u00fablica, Luis Abinader prometi\u00f3 este lunes la construcci\u00f3n de un edificio para la\u00a0Polic\u00eda en Santiago,\u00a0justicia para el caso<\/p>\n","protected":false},"author":3,"featured_media":24152,"comment_status":"closed","ping_status":"closed","sticky":false,"template":"","format":"standard","meta":[],"categories":[3],"tags":[],"_links":{"self":[{"href":"https:\/\/hormigaradio.com\/index.php?rest_route=\/wp\/v2\/posts\/24150"}],"collection":[{"href":"https:\/\/hormigaradio.com\/index.php?rest_route=\/wp\/v2\/posts"}],"about":[{"href":"https:\/\/hormigaradio.com\/index.php?rest_route=\/wp\/v2\/types\/post"}],"author":[{"embeddable":true,"href":"https:\/\/hormigaradio.com\/index.php?rest_route=\/wp\/v2\/users\/3"}],"replies":[{"embeddable":true,"href":"https:\/\/hormigaradio.com\/index.php?rest_route=%2Fwp%2Fv2%2Fcomments&post=24150"}],"version-history":[{"count":1,"href":"https:\/\/hormigaradio.com\/index.php?rest_route=\/wp\/v2\/posts\/24150\/revisions"}],"predecessor-version":[{"id":24151,"href":"https:\/\/hormigaradio.com\/index.php?rest_route=\/wp\/v2\/posts\/24150\/revisions\/24151"}],"wp:featuredmedia":[{"embeddable":true,"href":"https:\/\/hormigaradio.com\/index.php?rest_route=\/wp\/v2\/media\/24152"}],"wp:attachment":[{"href":"https:\/\/hormigaradio.com\/index.php?rest_route=%2Fwp%2Fv2%2Fmedia&parent=24150"}],"wp:term":[{"taxonomy":"category","embeddable":true,"href":"https:\/\/hormigaradio.com\/index.php?rest_route=%2Fwp%2Fv2%2Fcategories&post=24150"},{"taxonomy":"post_tag","embeddable":true,"href":"https:\/\/hormigaradio.com\/index.php?rest_route=%2Fwp%2Fv2%2Ftags&post=24150"}],"curies":[{"name":"wp","href":"https:\/\/api.w.org\/{rel}","templated":true}]}}