{"id":24166,"date":"2025-10-03T18:23:04","date_gmt":"2025-10-03T18:23:04","guid":{"rendered":"https:\/\/hormigaradio.com\/?p=24166"},"modified":"2025-10-03T19:18:27","modified_gmt":"2025-10-03T19:18:27","slug":"abel-martinez-dices-estas-en-aprietos-economicos-por-embargo-sus-cuentas","status":"publish","type":"post","link":"https:\/\/hormigaradio.com\/?p=24166","title":{"rendered":"ABEL MART\u00cdNEZ DICES EST\u00c1S EN \u201cAPRIETOS ECON\u00d3MICOS\u201d POR EMBARGO SUS CUENTAS"},"content":{"rendered":"<p>Por\u00a0<span class=\"name font-600\"><a title=\"M\u00e1ximo Laureano\" href=\"https:\/\/acento.com.do\/autor\/mlaureano.html\">M\u00e1ximo Laureano<\/a><\/span><\/p>\n<p>El exalcalde de Santiago (2016-2024),\u00a0<strong>Abel Mart\u00ednez<\/strong>, dijo que, a ra\u00edz de los embargos a sus cuentas bancarias, lleva un a\u00f1o con &#8220;aprietos econ\u00f3micos\u201d, por lo que ha solicitado, por segunda vez, a los tribunales locales que dejen sin efecto la acci\u00f3n.<\/p>\n<p>Mart\u00ednez, excandidato presidencial del Partido de la Liberaci\u00f3n Dominicana\u00a0<strong>(PLD)<\/strong>\u00a0en 2024, acudi\u00f3 con sus abogados al Palacio de Justicia de Santiago, para hacer la solicitud formal sobre su situaci\u00f3n de embargo.<\/p>\n<p>Las cuentas del exfuncionario fueron embargadas por empresarios que reclaman pagos por trabajos hechos al Ayuntamiento local.<\/p>\n<p>El a\u00f1o pasado, se fall\u00f3 en contra del exalcalde cuando hizo la primera solicitud de levantamiento del embargo a sus cuentas y se le impuso una penalidad por cada d\u00eda, sin cumplir con lo determinado en el fallo.<\/p>\n<p>Sobre el embargo,\u00a0<strong>Mart\u00ednez<\/strong>\u00a0ha dicho que no hay raz\u00f3n para que se act\u00fae en contra sus cuentas personales, cuando se trata de una situaci\u00f3n institucional.<\/p>\n<p>El exalcalde de Santiago dijo ya suma un a\u00f1o desde el embargo de sus cuentas, en el cual no ha podido hacer ning\u00fan tipo de movimiento bancario, situaci\u00f3n que lo tiene en bajo una econom\u00eda precaria.<\/p>\n<p>Mart\u00ednez dijo que sobrevive con una cuenta de n\u00f3mina, la cual, por ley, no puede ser embargada.<\/p>\n<div class=\"con-tags-container\">\n<p class=\"con-tags__kicker\">\n<\/div>\n<p>Impactos: 43<\/p>","protected":false},"excerpt":{"rendered":"<p>Por\u00a0M\u00e1ximo Laureano El exalcalde de Santiago (2016-2024),\u00a0Abel Mart\u00ednez, dijo que, a ra\u00edz de los embargos a sus cuentas bancarias, lleva un a\u00f1o con &#8220;aprietos<\/p>\n","protected":false},"author":3,"featured_media":12036,"comment_status":"closed","ping_status":"closed","sticky":false,"template":"","format":"standard","meta":[],"categories":[3],"tags":[],"_links":{"self":[{"href":"https:\/\/hormigaradio.com\/index.php?rest_route=\/wp\/v2\/posts\/24166"}],"collection":[{"href":"https:\/\/hormigaradio.com\/index.php?rest_route=\/wp\/v2\/posts"}],"about":[{"href":"https:\/\/hormigaradio.com\/index.php?rest_route=\/wp\/v2\/types\/post"}],"author":[{"embeddable":true,"href":"https:\/\/hormigaradio.com\/index.php?rest_route=\/wp\/v2\/users\/3"}],"replies":[{"embeddable":true,"href":"https:\/\/hormigaradio.com\/index.php?rest_route=%2Fwp%2Fv2%2Fcomments&post=24166"}],"version-history":[{"count":2,"href":"https:\/\/hormigaradio.com\/index.php?rest_route=\/wp\/v2\/posts\/24166\/revisions"}],"predecessor-version":[{"id":24170,"href":"https:\/\/hormigaradio.com\/index.php?rest_route=\/wp\/v2\/posts\/24166\/revisions\/24170"}],"wp:featuredmedia":[{"embeddable":true,"href":"https:\/\/hormigaradio.com\/index.php?rest_route=\/wp\/v2\/media\/12036"}],"wp:attachment":[{"href":"https:\/\/hormigaradio.com\/index.php?rest_route=%2Fwp%2Fv2%2Fmedia&parent=24166"}],"wp:term":[{"taxonomy":"category","embeddable":true,"href":"https:\/\/hormigaradio.com\/index.php?rest_route=%2Fwp%2Fv2%2Fcategories&post=24166"},{"taxonomy":"post_tag","embeddable":true,"href":"https:\/\/hormigaradio.com\/index.php?rest_route=%2Fwp%2Fv2%2Ftags&post=24166"}],"curies":[{"name":"wp","href":"https:\/\/api.w.org\/{rel}","templated":true}]}}