{"id":24168,"date":"2025-10-03T19:17:09","date_gmt":"2025-10-03T19:17:09","guid":{"rendered":"https:\/\/hormigaradio.com\/?p=24168"},"modified":"2025-10-03T19:33:54","modified_gmt":"2025-10-03T19:33:54","slug":"aplazan-para-el-proximo-jueves-coercion-11-policias-investigado-muertes-la-barranquita","status":"publish","type":"post","link":"https:\/\/hormigaradio.com\/?p=24168","title":{"rendered":"APLAZAN PARA EL PR\u00d3XIMO JUEVES COERCI\u00d3N 11 POLIC\u00cdAS INVESTIGADO MUERTES LA BARRANQUITA"},"content":{"rendered":"<p>Por\u00a0<span class=\"name font-600\"><a title=\"M\u00e1ximo Laureano\" href=\"https:\/\/acento.com.do\/autor\/mlaureano.html\">M\u00e1ximo Laureano<\/a><\/span><\/p>\n<p>La juez del departamento de Atenci\u00f3n Permanente en Santiago, Yeritza Cabral, aplaz\u00f3 para el 9 de octubre del 2025, el conocimiento de la medida de coerci\u00f3n que involucra a 11 agentes policiales, investigados por el qu\u00edntuple asesinato en el\u00a0<strong>sector La Barranquita<\/strong>, el pasado 10 de septiembre.<\/p>\n<p>El proceso se aplaz\u00f3 a fin de que los abogados de la defensa presenten al juez los presupuestos y que el\u00a0<strong>Ministerio P\u00fablico<\/strong>\u00a0convoque a algunas de las v\u00edctimas indirectas.<\/p>\n<p>Como representante del\u00a0<strong>Ministerio P\u00fablico<\/strong>, subi\u00f3 al tribunal de Atenci\u00f3n Permanente,\u00a0<strong>Wilson Camacho<\/strong>, titular de la Direcci\u00f3n General de Persecuci\u00f3n del\u00a0<strong>Ministerio P\u00fablico<\/strong>, quien asegur\u00f3 que la actuaci\u00f3n de los agentes de la Polic\u00eda fue una ejecuci\u00f3n.<\/p>\n<p><iframe loading=\"lazy\" title=\"Medida de coerci\u00f3n hoy a polic\u00edas por muerte de 5 j\u00f3venes en La Barranquita\" src=\"https:\/\/geo.dailymotion.com\/player.html?video=x9rm2yo&amp;\" width=\"500\" height=\"625\" frameborder=\"0\" allowfullscreen=\"allowfullscreen\" data-mce-fragment=\"1\"><\/iframe><\/p>\n<p>El funcionario tambi\u00e9n asegur\u00f3 que los integrantes del operativo sustrajeron los equipos electr\u00f3nicos con los fines de evitar se puedan ver evidencia de la actuaci\u00f3n policial.<\/p>\n<p>Los agentes procesados son \u00c1lvaro Paredes Paniagua (mayor), Jos\u00e9 G\u00f3mez Rodr\u00edguez (capit\u00e1n), Domingo de los Santos Vargas (segundo teniente), Yohandy Encarnaci\u00f3n (cabo), Geyser Francisco \u00c1lvarez Rodr\u00edguez (cabo).<\/p>\n<p>Se suman a la lista, Adr\u00edan Miguel Villalona Pineda (raso), adscrito al Departamento de Investigaci\u00f3n de Delitos Complejos de la Polic\u00eda Nacional.<\/p>\n<p>Tambi\u00e9n son investigados, Hansel M. Cuevas Carrasco (mayor), S\u00f3crates Fidel F\u00e9liz F\u00e9liz (sargento mayor), Hairo Mateo Morillo (sargento), C\u00e9sar Augusto Mart\u00ednez Trinidad (cabo) y Jos\u00e9 Octavio Jim\u00e9nez Pe\u00f1a (raso), de la Subdirecci\u00f3n Regional de Investigaci\u00f3n Cibao Central de la Polic\u00eda Nacional, en Santiago de los Caballeros.<\/p>\n<p>Los polic\u00edas son vinculados con las muertes de Edward Bernardo Pe\u00f1a Rodr\u00edguez, Carlos Enrique Guzm\u00e1n Navarro (el Charly o Charli Chasc), Jos\u00e9 Vladimir Valerio Est\u00e9vez, Elvis Antonio Mart\u00ednez Rodr\u00edguez y Julio Alberto G\u00f3mez.<\/p>\n<p>&nbsp;<\/p>\n<p>Impactos: 35<\/p>","protected":false},"excerpt":{"rendered":"<p>Por\u00a0M\u00e1ximo Laureano La juez del departamento de Atenci\u00f3n Permanente en Santiago, Yeritza Cabral, aplaz\u00f3 para el 9 de octubre del 2025, el conocimiento de<\/p>\n","protected":false},"author":3,"featured_media":24171,"comment_status":"closed","ping_status":"closed","sticky":false,"template":"","format":"standard","meta":[],"categories":[3],"tags":[],"_links":{"self":[{"href":"https:\/\/hormigaradio.com\/index.php?rest_route=\/wp\/v2\/posts\/24168"}],"collection":[{"href":"https:\/\/hormigaradio.com\/index.php?rest_route=\/wp\/v2\/posts"}],"about":[{"href":"https:\/\/hormigaradio.com\/index.php?rest_route=\/wp\/v2\/types\/post"}],"author":[{"embeddable":true,"href":"https:\/\/hormigaradio.com\/index.php?rest_route=\/wp\/v2\/users\/3"}],"replies":[{"embeddable":true,"href":"https:\/\/hormigaradio.com\/index.php?rest_route=%2Fwp%2Fv2%2Fcomments&post=24168"}],"version-history":[{"count":1,"href":"https:\/\/hormigaradio.com\/index.php?rest_route=\/wp\/v2\/posts\/24168\/revisions"}],"predecessor-version":[{"id":24169,"href":"https:\/\/hormigaradio.com\/index.php?rest_route=\/wp\/v2\/posts\/24168\/revisions\/24169"}],"wp:featuredmedia":[{"embeddable":true,"href":"https:\/\/hormigaradio.com\/index.php?rest_route=\/wp\/v2\/media\/24171"}],"wp:attachment":[{"href":"https:\/\/hormigaradio.com\/index.php?rest_route=%2Fwp%2Fv2%2Fmedia&parent=24168"}],"wp:term":[{"taxonomy":"category","embeddable":true,"href":"https:\/\/hormigaradio.com\/index.php?rest_route=%2Fwp%2Fv2%2Fcategories&post=24168"},{"taxonomy":"post_tag","embeddable":true,"href":"https:\/\/hormigaradio.com\/index.php?rest_route=%2Fwp%2Fv2%2Ftags&post=24168"}],"curies":[{"name":"wp","href":"https:\/\/api.w.org\/{rel}","templated":true}]}}