{"id":24176,"date":"2025-10-08T00:51:37","date_gmt":"2025-10-08T00:51:37","guid":{"rendered":"https:\/\/hormigaradio.com\/?p=24176"},"modified":"2025-10-08T00:53:17","modified_gmt":"2025-10-08T00:53:17","slug":"lo-que-necesitas-saber-sobre-caso-asesinatos-la-barranuita","status":"publish","type":"post","link":"https:\/\/hormigaradio.com\/?p=24176","title":{"rendered":"LO QUE NECESITAS SABER SOBRE CASO ASESINATOS LA BARRANUITA"},"content":{"rendered":"<p>Por\u00a0<span class=\"name font-600\"><a title=\"Servicios de Acento.com.do\" href=\"https:\/\/acento.com.do\/autor\/servicios.html\">Servicios de Acento.com.do<\/a><\/span><\/p>\n<p>El caso de la muerte de cinco ciudadanos en La Barranquita, Santiago, gener\u00f3 la repulsa de la ciudadan\u00eda y el Ministerio P\u00fablico llev\u00f3 a cabo una investigaci\u00f3n que ha dado como resultado el arresto de once miembros de la Polic\u00eda Nacional vinculados al hecho.<\/p>\n<p>Las denominadas &#8220;ejecuciones extrajudiciales&#8221; fueron efectuadas por los agentes policiales en horas de la tarde del pasado 10 de septiembre en una plaza comercial de La Barranquita, en Santiago.<\/p>\n<p><img loading=\"lazy\" class=\"alignright wp-image-24060 size-large\" src=\"http:\/\/hormigaradio.com\/wp-content\/uploads\/2025\/09\/fallecidos-en-el-tiroteO-748x1024.jpg\" alt=\"\" width=\"715\" height=\"979\" srcset=\"https:\/\/hormigaradio.com\/wp-content\/uploads\/2025\/09\/fallecidos-en-el-tiroteO-748x1024.jpg 748w, https:\/\/hormigaradio.com\/wp-content\/uploads\/2025\/09\/fallecidos-en-el-tiroteO-219x300.jpg 219w, https:\/\/hormigaradio.com\/wp-content\/uploads\/2025\/09\/fallecidos-en-el-tiroteO-768x1051.jpg 768w, https:\/\/hormigaradio.com\/wp-content\/uploads\/2025\/09\/fallecidos-en-el-tiroteO.jpg 935w\" sizes=\"(max-width: 715px) 100vw, 715px\" \/><\/p>\n<p>Los apresados fueron identificados como el mayor policial \u00c1lvaro Paredes Paniagua, Jos\u00e9 G\u00f3mez Rodr\u00edguez (capit\u00e1n), Domingo de los Santos Vargas (segundo teniente), Yohandy Encarnaci\u00f3n (cabo), Geyser Francisco \u00c1lvarez Rodr\u00edguez (cabo) y Adrian Miguel Villalona Pineda (raso), adscritos al Departamento de Investigaci\u00f3n de Delitos Complejos de la Polic\u00eda Nacional.<\/p>\n<p>Tambi\u00e9n, el mayor Hansel M. Cuevas Carrasco, S\u00f3crates Fidel F\u00e9liz F\u00e9liz (sargento mayor), Hairo Mateo Morillo (sargento), C\u00e9sar Augusto Mart\u00ednez Trinidad (cabo) y Jos\u00e9 Octavio Jim\u00e9nez Pe\u00f1a (raso), de la Subdirecci\u00f3n Regional de Investigaci\u00f3n Cibao Central de la Polic\u00eda Nacional, en Santiago de los Caballeros.<\/p>\n<section id=\"newsletter\">\n<header class=\"newsletter__header\"><\/header>\n<p class=\"newsletter__disclaimer\">Los polic\u00edas son vinculados con las muertes de Edward Bernardo Pe\u00f1a Rodr\u00edguez, Carlos Enrique Guzm\u00e1n Navarro (el Charly o Charli Chasc), Jos\u00e9 Vladimir Valerio Est\u00e9vez, Elvis Antonio Mart\u00ednez Rodr\u00edguez y Julio Alberto G\u00f3mez, cuyo deceso se produjo mientras recib\u00edan atenciones m\u00e9dicas en el Hospital Doctor Cabral y B\u00e1ez, de Santiago.<\/p>\n<\/section>\n<h2><strong>A continuaci\u00f3n el expediente de la investigaci\u00f3n del caso de La Barranquita<\/strong><\/h2>\n<p><iframe loading=\"lazy\" src=\"https:\/\/drive.google.com\/file\/d\/1ElP-WDmlRBsJ0LW8ozCAIEE_eeTC4eSa\/preview\" width=\"640\" height=\"480\" data-mce-fragment=\"1\"><\/iframe><\/p>\n<div class=\"banner-box\">\n<div id=\"div-gpt-ad-1732723518537-6-1\" data-google-query-id=\"CK2I2vOwk5ADFTKFywEdnF4EGQ\"><\/div>\n<\/div>\n<p>Impactos: 54<\/p>","protected":false},"excerpt":{"rendered":"<p>Por\u00a0Servicios de Acento.com.do El caso de la muerte de cinco ciudadanos en La Barranquita, Santiago, gener\u00f3 la repulsa de la ciudadan\u00eda y el Ministerio<\/p>\n","protected":false},"author":3,"featured_media":24060,"comment_status":"closed","ping_status":"closed","sticky":false,"template":"","format":"standard","meta":[],"categories":[3],"tags":[],"_links":{"self":[{"href":"https:\/\/hormigaradio.com\/index.php?rest_route=\/wp\/v2\/posts\/24176"}],"collection":[{"href":"https:\/\/hormigaradio.com\/index.php?rest_route=\/wp\/v2\/posts"}],"about":[{"href":"https:\/\/hormigaradio.com\/index.php?rest_route=\/wp\/v2\/types\/post"}],"author":[{"embeddable":true,"href":"https:\/\/hormigaradio.com\/index.php?rest_route=\/wp\/v2\/users\/3"}],"replies":[{"embeddable":true,"href":"https:\/\/hormigaradio.com\/index.php?rest_route=%2Fwp%2Fv2%2Fcomments&post=24176"}],"version-history":[{"count":2,"href":"https:\/\/hormigaradio.com\/index.php?rest_route=\/wp\/v2\/posts\/24176\/revisions"}],"predecessor-version":[{"id":24178,"href":"https:\/\/hormigaradio.com\/index.php?rest_route=\/wp\/v2\/posts\/24176\/revisions\/24178"}],"wp:featuredmedia":[{"embeddable":true,"href":"https:\/\/hormigaradio.com\/index.php?rest_route=\/wp\/v2\/media\/24060"}],"wp:attachment":[{"href":"https:\/\/hormigaradio.com\/index.php?rest_route=%2Fwp%2Fv2%2Fmedia&parent=24176"}],"wp:term":[{"taxonomy":"category","embeddable":true,"href":"https:\/\/hormigaradio.com\/index.php?rest_route=%2Fwp%2Fv2%2Fcategories&post=24176"},{"taxonomy":"post_tag","embeddable":true,"href":"https:\/\/hormigaradio.com\/index.php?rest_route=%2Fwp%2Fv2%2Ftags&post=24176"}],"curies":[{"name":"wp","href":"https:\/\/api.w.org\/{rel}","templated":true}]}}