{"id":24182,"date":"2025-10-10T15:34:02","date_gmt":"2025-10-10T15:34:02","guid":{"rendered":"https:\/\/hormigaradio.com\/?p=24182"},"modified":"2025-10-10T15:34:02","modified_gmt":"2025-10-10T15:34:02","slug":"aplazan-por-segunda-vez-medida-de-coercion-a-policias-que-mataron-a-jovenes-en-la-barranquita","status":"publish","type":"post","link":"https:\/\/hormigaradio.com\/?p=24182","title":{"rendered":"APLAZAN POR SEGUNDA VEZ MEDIDA DE COERCI\u00d3N A POLIC\u00cdAS QUE MATARON A J\u00d3VENES EN LA BARRANQUITA"},"content":{"rendered":"<p>Por\u00a0<span class=\"name font-600\"><a title=\"M\u00e1ximo Laureano\" href=\"https:\/\/acento.com.do\/autor\/mlaureano.html\">M\u00e1ximo Laureano<\/a><\/span><\/p>\n<p>La jueza del Departamento de Atenci\u00f3n Permanente del Distrito Judicial de Santiago, Yeritza Cabral, aplaz\u00f3 para el pr\u00f3ximo martes 14 de octubre el conocimiento de la medida de coerci\u00f3n contra once agentes de la\u00a0<strong>Polic\u00eda Nacional<\/strong>, investigados por el asesinato de cinco j\u00f3venes en el sector\u00a0<strong>La Barranquita<\/strong>, en\u00a0<strong>Santiago de los Caballeros<\/strong>.<\/p>\n<p>El segundo aplazamiento de la audiencia se sustent\u00f3 en una petici\u00f3n de los abogados de la defensa, quienes solicitaron m\u00e1s tiempo para concluir la presentaci\u00f3n de los presupuestos de cada imputado.<\/p>\n<p>Al igual que en la primera audiencia, el\u00a0<strong>Ministerio P\u00fablico<\/strong>\u00a0estuvo representado por\u00a0<strong>Wilson Camacho<\/strong>, titular de la Procuradur\u00eda Especializada en Persecuci\u00f3n de la Corrupci\u00f3n Administrativa\u00a0<strong>(PEPCA),<\/strong>\u00a0quien reiter\u00f3 que habr\u00e1 justicia en este caso.<\/p>\n<p><iframe loading=\"lazy\" title=\"Aplazan por segunda vez medida de coerci\u00f3n a polic\u00edas que mataron a j\u00f3venes en La Barranquita\" src=\"https:\/\/geo.dailymotion.com\/player.html?video=x9rwpo6&amp;\" width=\"500\" height=\"625\" frameborder=\"0\" allowfullscreen=\"allowfullscreen\" data-mce-fragment=\"1\"><\/iframe><\/p>\n<p>El funcionario del\u00a0<strong>Ministerio P\u00fablico<\/strong>\u00a0explic\u00f3 que, como parte que dirige la investigaci\u00f3n, estaban listos para que se completara el proceso, pero que la jueza consider\u00f3 prudente conceder otro plazo a los defensores.<\/p>\n<p>Seg\u00fan lo expuesto por\u00a0<strong>Camacho,<\/strong>\u00a0el tiempo transcurrido ha sido suficiente para que la defensa presente sus presupuestos, lo que \u2014a su juicio\u2014 evidencia que los abogados no est\u00e1n en condiciones de responder a las pruebas presentadas por el\u00a0<strong>Ministerio P\u00fablico<\/strong>.<\/p>\n<p>La audiencia fue pautada para el martes 14 de octubre, a partir de las 9:00 de la ma\u00f1ana.<\/p>\n<p>Impactos: 40<\/p>","protected":false},"excerpt":{"rendered":"<p>Por\u00a0M\u00e1ximo Laureano La jueza del Departamento de Atenci\u00f3n Permanente del Distrito Judicial de Santiago, Yeritza Cabral, aplaz\u00f3 para el pr\u00f3ximo martes 14 de octubre<\/p>\n","protected":false},"author":3,"featured_media":24171,"comment_status":"closed","ping_status":"closed","sticky":false,"template":"","format":"standard","meta":[],"categories":[3],"tags":[],"_links":{"self":[{"href":"https:\/\/hormigaradio.com\/index.php?rest_route=\/wp\/v2\/posts\/24182"}],"collection":[{"href":"https:\/\/hormigaradio.com\/index.php?rest_route=\/wp\/v2\/posts"}],"about":[{"href":"https:\/\/hormigaradio.com\/index.php?rest_route=\/wp\/v2\/types\/post"}],"author":[{"embeddable":true,"href":"https:\/\/hormigaradio.com\/index.php?rest_route=\/wp\/v2\/users\/3"}],"replies":[{"embeddable":true,"href":"https:\/\/hormigaradio.com\/index.php?rest_route=%2Fwp%2Fv2%2Fcomments&post=24182"}],"version-history":[{"count":1,"href":"https:\/\/hormigaradio.com\/index.php?rest_route=\/wp\/v2\/posts\/24182\/revisions"}],"predecessor-version":[{"id":24183,"href":"https:\/\/hormigaradio.com\/index.php?rest_route=\/wp\/v2\/posts\/24182\/revisions\/24183"}],"wp:featuredmedia":[{"embeddable":true,"href":"https:\/\/hormigaradio.com\/index.php?rest_route=\/wp\/v2\/media\/24171"}],"wp:attachment":[{"href":"https:\/\/hormigaradio.com\/index.php?rest_route=%2Fwp%2Fv2%2Fmedia&parent=24182"}],"wp:term":[{"taxonomy":"category","embeddable":true,"href":"https:\/\/hormigaradio.com\/index.php?rest_route=%2Fwp%2Fv2%2Fcategories&post=24182"},{"taxonomy":"post_tag","embeddable":true,"href":"https:\/\/hormigaradio.com\/index.php?rest_route=%2Fwp%2Fv2%2Ftags&post=24182"}],"curies":[{"name":"wp","href":"https:\/\/api.w.org\/{rel}","templated":true}]}}