{"id":24219,"date":"2025-10-17T19:49:32","date_gmt":"2025-10-17T19:49:32","guid":{"rendered":"https:\/\/hormigaradio.com\/?p=24219"},"modified":"2025-10-17T19:51:06","modified_gmt":"2025-10-17T19:51:06","slug":"coalicion-de-organizaciones-del-cibao-llama-a-huelga-regional-para-sensibilizar-al-gobierno","status":"publish","type":"post","link":"https:\/\/hormigaradio.com\/?p=24219","title":{"rendered":"COALICI\u00d3N DE ORGANIZACIONES DEL CIBAO LLAMA A HUELGA REGIONAL PARA SENSIBILIZAR AL GOBIERNO"},"content":{"rendered":"<p>Por\u00a0<span class=\"name font-600\"><a title=\"M\u00e1ximo Laureano\" href=\"https:\/\/acento.com.do\/autor\/mlaureano.html\">M\u00e1ximo Laureano<\/a><\/span><\/p>\n<p data-start=\"239\" data-end=\"518\">Activistas sociales que integran la\u00a0<strong data-start=\"275\" data-end=\"337\">Coalici\u00f3n de Organizaciones Sociales y Populares del Cibao<\/strong>\u00a0anunciaron que, tras el incumplimiento de las autoridades a una lista de demandas presentadas hace un mes, han pautado un paro de labores en las 14 provincias de la regi\u00f3n norte.<\/p>\n<p data-start=\"520\" data-end=\"870\">El llamado a protesta ha sido convocado para el\u00a0<strong data-start=\"568\" data-end=\"599\">lunes 27 de octubre de 2025<\/strong>, por un plazo de 48 horas, seg\u00fan plantearon los voceros de las organizaciones, quienes advirtieron que no cejar\u00e1n en lo programado, porque, a su juicio, la pol\u00edtica econ\u00f3mica del Gobierno es err\u00f3nea y golpea a todos los sectores, especialmente a los de menos recursos.<\/p>\n<p data-start=\"872\" data-end=\"1157\">En el paro del 27 de octubre, los grupos reclamar\u00e1n el cese de los apagones, rebajas en la facturaci\u00f3n el\u00e9ctrica, acciones contundentes frente a las violaciones al medio ambiente en la Rep\u00fablica Dominicana, as\u00ed como la detenci\u00f3n de las concesiones a empresas mineras multinacionales.<\/p>\n<section id=\"newsletter\">\n<header class=\"newsletter__header\"><\/header>\n<p class=\"newsletter__disclaimer\"><strong data-start=\"1159\" data-end=\"1176\">Osvaldo Brito<\/strong>, del\u00a0<strong data-start=\"1182\" data-end=\"1225\">Frente de Lucha Uni\u00f3n y Progreso (FLUP)<\/strong>\u00a0y vocero de la\u00a0<strong data-start=\"1241\" data-end=\"1271\">Coalici\u00f3n Social del Cibao<\/strong>, afirm\u00f3 que el paro se justifica porque, en el actual gobierno, se ha profundizado la crisis que afecta a los sectores productivos locales y a la econom\u00eda dom\u00e9stica, es decir, a los hogares.<\/p>\n<\/section>\n<p data-start=\"1466\" data-end=\"1720\">En sus declaraciones, Osvaldo Brito y otros activistas sociales sumaron las quejas por el desempleo, los altos precios de los alimentos y los servicios de salud, educaci\u00f3n y seguridad, que, seg\u00fan los convocantes, se han deteriorado en los \u00faltimos a\u00f1os.<\/p>\n<figure><a title=\"M\u00e1ximo Laureano\" href=\"https:\/\/acento.com.do\/autor\/mlaureano.html\"><img class=\"i-amphtml-fill-content i-amphtml-replaced-content\" src=\"https:\/\/acento.com.do\/resources\/img\/logo-user-no-foto.jpg\" alt=\"M\u00e1ximo Laureano\" \/><\/a><\/figure>\n<div class=\"nota-bottom-author__desktop-flex-container\">\n<div>\n<h3 class=\"nota-bottom-author__name\"><a title=\"M\u00e1ximo Laureano\" href=\"https:\/\/acento.com.do\/autor\/mlaureano.html\">M\u00e1ximo Laureano<\/a><\/h3>\n<h4 class=\"nota-bottom-author__cargo font-400 uppercase\">Periodista<\/h4>\n<p class=\"nota-bottom-author__mini-bio font-600 hide-mobile\">Periodista cr\u00edtico e investigador con experiencias en diarios, radioemisoras y noticiarios de televisi\u00f3n. Del equipo de http:\/\/Acento.com.do .<\/p>\n<\/div>\n<\/div>\n<p>Impactos: 31<\/p>","protected":false},"excerpt":{"rendered":"<p>Por\u00a0M\u00e1ximo Laureano Activistas sociales que integran la\u00a0Coalici\u00f3n de Organizaciones Sociales y Populares del Cibao\u00a0anunciaron que, tras el incumplimiento de las autoridades a una lista<\/p>\n","protected":false},"author":3,"featured_media":24221,"comment_status":"closed","ping_status":"closed","sticky":false,"template":"","format":"standard","meta":[],"categories":[8],"tags":[],"_links":{"self":[{"href":"https:\/\/hormigaradio.com\/index.php?rest_route=\/wp\/v2\/posts\/24219"}],"collection":[{"href":"https:\/\/hormigaradio.com\/index.php?rest_route=\/wp\/v2\/posts"}],"about":[{"href":"https:\/\/hormigaradio.com\/index.php?rest_route=\/wp\/v2\/types\/post"}],"author":[{"embeddable":true,"href":"https:\/\/hormigaradio.com\/index.php?rest_route=\/wp\/v2\/users\/3"}],"replies":[{"embeddable":true,"href":"https:\/\/hormigaradio.com\/index.php?rest_route=%2Fwp%2Fv2%2Fcomments&post=24219"}],"version-history":[{"count":2,"href":"https:\/\/hormigaradio.com\/index.php?rest_route=\/wp\/v2\/posts\/24219\/revisions"}],"predecessor-version":[{"id":24222,"href":"https:\/\/hormigaradio.com\/index.php?rest_route=\/wp\/v2\/posts\/24219\/revisions\/24222"}],"wp:featuredmedia":[{"embeddable":true,"href":"https:\/\/hormigaradio.com\/index.php?rest_route=\/wp\/v2\/media\/24221"}],"wp:attachment":[{"href":"https:\/\/hormigaradio.com\/index.php?rest_route=%2Fwp%2Fv2%2Fmedia&parent=24219"}],"wp:term":[{"taxonomy":"category","embeddable":true,"href":"https:\/\/hormigaradio.com\/index.php?rest_route=%2Fwp%2Fv2%2Fcategories&post=24219"},{"taxonomy":"post_tag","embeddable":true,"href":"https:\/\/hormigaradio.com\/index.php?rest_route=%2Fwp%2Fv2%2Ftags&post=24219"}],"curies":[{"name":"wp","href":"https:\/\/api.w.org\/{rel}","templated":true}]}}