{"id":24256,"date":"2025-10-22T18:42:00","date_gmt":"2025-10-22T18:42:00","guid":{"rendered":"https:\/\/hormigaradio.com\/?p=24256"},"modified":"2025-10-22T18:42:00","modified_gmt":"2025-10-22T18:42:00","slug":"ministerio-de-trabajo-anuncia-labores-seran-reanudadas-el-viernes-por-paso-de-la-tormenta-tropical-melissa","status":"publish","type":"post","link":"https:\/\/hormigaradio.com\/?p=24256","title":{"rendered":"MINISTERIO DE TRABAJO ANUNCIA LABORES SER\u00c1N REANUDADAS EL VIERNES POR PASO DE LA TORMENTA TROPICAL MELISSA"},"content":{"rendered":"<p>Por\u00a0<span class=\"name font-600\"><a title=\"Servicios de Acento.com.do\" href=\"https:\/\/acento.com.do\/autor\/servicios.html\">Servicios de Acento.com.do<\/a><\/span><\/p>\n<p>El\u00a0<strong>Ministerio de Trabajo<\/strong>\u00a0inform\u00f3 este mi\u00e9rcoles que fue extendida la suspensi\u00f3n de las labores desde la 1:00 de la tarde del mi\u00e9rcoles 22 hasta el jueves 23 de octubre, debido al paso de la tormenta tropical Melissa por el territorio nacional.<\/p>\n<p>A trav\u00e9s de un comunicado, el Ministerio de Trabajo precis\u00f3 que\u00a0las labores ser\u00e1n reanudadas el viernes 24 de octubre, una vez las condiciones meteorol\u00f3gicas permitan el retorno seguro a las actividades cotidianas.<\/p>\n<p>La medida aplica para el Distrito Nacional, Santo Domingo, San Crist\u00f3bal, Peravia, San Jos\u00e9 de Ocoa, Azua, San Juan, Barahona, Pedernales y todas las provincias que sean declaradas en alerta roja por el Centro de Operaciones de Emergencias\u00a0<strong>(COE).<\/strong><\/p>\n<p>De acuerdo con la instituci\u00f3n, la disposici\u00f3n busca proteger la seguridad de los trabajadores y trabajadoras, y no afectar\u00e1 sus derechos ni beneficios laborales.<\/p>\n<section id=\"newsletter\">\n<header class=\"newsletter__header\"><\/header>\n<p class=\"newsletter__disclaimer\">El Gobierno de la Rep\u00fablica Dominicana <a href=\"https:\/\/acento.com.do\/actualidad\/gobierno-ordena-que-este-miercoles-horario-de-trabajo-termine-a-la-1-de-la-tarde-por-tormenta-melissa-9567195.html\">dispuso ayer que el horario de trabajo de este mi\u00e9rcoles<\/a>, tanto el sector p\u00fablico como en el privado, concluya a la 1 de la tarde, debido al paso del fen\u00f3meno tropical.<\/p>\n<\/section>\n<p>Asimismo, orden\u00f3 que la docencia se suspenda los d\u00edas mi\u00e9rcoles y jueves en nueve provincias declaradas en<strong>\u00a0alerta roja<\/strong>\u00a0debido a las lluvias previstas por la tormenta tropical, que se encuentra a actualmente a unos 500 kil\u00f3metros al sur-suroeste de la isla La Espa\u00f1ola, en trayectoria de oeste hacia el este.<\/p>\n<p><span class=\"citation-29\">Mientras que el Centro de Operaciones de Emergencias (<strong>COE<\/strong>) coloc\u00f3\u00a0<\/span><a href=\"https:\/\/acento.com.do\/actualidad\/tormenta-tropical-melissa-9-provincias-en-alerta-roja-y-13-en-amarilla-en-republica-dominicana-9567410.html\">9 provincias en alerta roja y 13 en amarilla, mientras que otras tres fueron elevadas a verde<\/a>, seg\u00fan el\u00a0<strong>I<\/strong><b><span class=\"citation-29\"><strong>nforme<\/strong>\u00a0de situaci\u00f3n\u00a0<\/span><\/b><span class=\"citation-29\">n\u00famero 03<\/span><span class=\"citation-29\">\u00a0emitido la tarde de este mi\u00e9rcoles.<\/span><\/p>\n<p><strong>Bajo alerta roja se encuentran las provincias:\u00a0<\/strong><\/p>\n<ul>\n<li>Barahona<\/li>\n<li>San Crist\u00f3bal<\/li>\n<li>Provincia Santo Domingo<\/li>\n<li>Distrito Nacional<\/li>\n<li>San Jos\u00e9 de Ocoa<\/li>\n<li>San Juan<\/li>\n<li>Azua<\/li>\n<li>Peravia<\/li>\n<li>Pedernales<\/li>\n<\/ul>\n<p><strong>Bajo alerta amarilla se encuentran las provincias:\u00a0<\/strong><\/p>\n<ul>\n<li>La Vega<\/li>\n<li>La Romana<\/li>\n<li>Hato Mayor<\/li>\n<li>El Seibo<\/li>\n<li>Saman\u00e1<\/li>\n<li>San Pedro de Macor\u00eds<\/li>\n<li>Monse\u00f1or Nouel<\/li>\n<li>S\u00e1nchez Ram\u00edrez<\/li>\n<li>La Altagracia<\/li>\n<li>Monte Plata<\/li>\n<\/ul>\n<p><strong>Bajo alerta verde se encuentran las provincias:\u00a0<\/strong><\/p>\n<ul>\n<li>Mar\u00eda Trinidad S\u00e1nchez<\/li>\n<li>Santiago<\/li>\n<li>Duarte<\/li>\n<\/ul>\n<p>Impactos: 48<\/p>","protected":false},"excerpt":{"rendered":"<p>Por\u00a0Servicios de Acento.com.do El\u00a0Ministerio de Trabajo\u00a0inform\u00f3 este mi\u00e9rcoles que fue extendida la suspensi\u00f3n de las labores desde la 1:00 de la tarde del mi\u00e9rcoles<\/p>\n","protected":false},"author":3,"featured_media":24257,"comment_status":"closed","ping_status":"closed","sticky":false,"template":"","format":"standard","meta":[],"categories":[3],"tags":[],"_links":{"self":[{"href":"https:\/\/hormigaradio.com\/index.php?rest_route=\/wp\/v2\/posts\/24256"}],"collection":[{"href":"https:\/\/hormigaradio.com\/index.php?rest_route=\/wp\/v2\/posts"}],"about":[{"href":"https:\/\/hormigaradio.com\/index.php?rest_route=\/wp\/v2\/types\/post"}],"author":[{"embeddable":true,"href":"https:\/\/hormigaradio.com\/index.php?rest_route=\/wp\/v2\/users\/3"}],"replies":[{"embeddable":true,"href":"https:\/\/hormigaradio.com\/index.php?rest_route=%2Fwp%2Fv2%2Fcomments&post=24256"}],"version-history":[{"count":1,"href":"https:\/\/hormigaradio.com\/index.php?rest_route=\/wp\/v2\/posts\/24256\/revisions"}],"predecessor-version":[{"id":24258,"href":"https:\/\/hormigaradio.com\/index.php?rest_route=\/wp\/v2\/posts\/24256\/revisions\/24258"}],"wp:featuredmedia":[{"embeddable":true,"href":"https:\/\/hormigaradio.com\/index.php?rest_route=\/wp\/v2\/media\/24257"}],"wp:attachment":[{"href":"https:\/\/hormigaradio.com\/index.php?rest_route=%2Fwp%2Fv2%2Fmedia&parent=24256"}],"wp:term":[{"taxonomy":"category","embeddable":true,"href":"https:\/\/hormigaradio.com\/index.php?rest_route=%2Fwp%2Fv2%2Fcategories&post=24256"},{"taxonomy":"post_tag","embeddable":true,"href":"https:\/\/hormigaradio.com\/index.php?rest_route=%2Fwp%2Fv2%2Ftags&post=24256"}],"curies":[{"name":"wp","href":"https:\/\/api.w.org\/{rel}","templated":true}]}}