{"id":24269,"date":"2025-10-24T01:57:39","date_gmt":"2025-10-24T01:57:39","guid":{"rendered":"https:\/\/hormigaradio.com\/?p=24269"},"modified":"2025-10-24T01:57:49","modified_gmt":"2025-10-24T01:57:49","slug":"una-persona-desaparecida-tras-intentar-cruzar-rio-yaque-del-norte","status":"publish","type":"post","link":"https:\/\/hormigaradio.com\/?p=24269","title":{"rendered":"UNA PERSONA DESAPARECIDA TRAS INTENTAR CRUZAR R\u00cdO YAQUE DEL NORTE"},"content":{"rendered":"<p>Por\u00a0<span class=\"name font-600\"><a title=\"M\u00e1ximo Laureano\" href=\"https:\/\/acento.com.do\/autor\/mlaureano.html\">M\u00e1ximo Laureano<\/a><\/span><\/p>\n<p>El director de la Defensa Civil de Santiago, Francisco Arias, confirm\u00f3 la desaparici\u00f3n de un hombre de nacionalidad haitiana, que habr\u00eda intentado cruzar el r\u00edo Yaque del Norte, en la comunidad Villa Los Alm\u00e1cigos, distrito municipal La Canela.<\/p>\n<p>Seg\u00fan explic\u00f3 Arias, el hombre intent\u00f3 cruzar el afluente en compa\u00f1\u00eda de un ciudadano identificado como Pl\u00e1cido de Jes\u00fas Vargas de la Hoz. Ambos procuraban atravesar el r\u00edo, a pesar de la crecida provocada por las lluvias, con el objetivo de llegar hasta la comunidad Banegas.<\/p>\n<p>\u201cEn el d\u00eda de ayer hab\u00edamos informado de esa situaci\u00f3n, de que los caudales iban a aumentar, y por eso estamos llamando la atenci\u00f3n de la poblaci\u00f3n, porque el r\u00edo sigue creciendo\u201d, expres\u00f3 Arias.<\/p>\n<p>En relaci\u00f3n con la desaparici\u00f3n de la persona, Francisco Arias inform\u00f3 que un equipo de b\u00fasqueda de la Defensa Civil se mantiene en el \u00e1rea.<\/p>\n<p>El socorrista tambi\u00e9n reiter\u00f3 el llamado a la poblaci\u00f3n a atender \u00fanicamente las informaciones oficiales del COE y evitar reproducir publicaciones no verificadas en redes sociales, ya que esto genera confusi\u00f3n.<\/p>\n<div class=\"banner-box\">\n<div id=\"div-gpt-ad-1732723518537-6-1\" data-google-query-id=\"CMiWvp7du5ADFaLKdQkd96IrgA\"><\/div>\n<\/div>\n<p>Impactos: 22<\/p>","protected":false},"excerpt":{"rendered":"<p>Por\u00a0M\u00e1ximo Laureano El director de la Defensa Civil de Santiago, Francisco Arias, confirm\u00f3 la desaparici\u00f3n de un hombre de nacionalidad haitiana, que habr\u00eda intentado<\/p>\n","protected":false},"author":3,"featured_media":24270,"comment_status":"closed","ping_status":"closed","sticky":false,"template":"","format":"standard","meta":[],"categories":[3],"tags":[],"_links":{"self":[{"href":"https:\/\/hormigaradio.com\/index.php?rest_route=\/wp\/v2\/posts\/24269"}],"collection":[{"href":"https:\/\/hormigaradio.com\/index.php?rest_route=\/wp\/v2\/posts"}],"about":[{"href":"https:\/\/hormigaradio.com\/index.php?rest_route=\/wp\/v2\/types\/post"}],"author":[{"embeddable":true,"href":"https:\/\/hormigaradio.com\/index.php?rest_route=\/wp\/v2\/users\/3"}],"replies":[{"embeddable":true,"href":"https:\/\/hormigaradio.com\/index.php?rest_route=%2Fwp%2Fv2%2Fcomments&post=24269"}],"version-history":[{"count":1,"href":"https:\/\/hormigaradio.com\/index.php?rest_route=\/wp\/v2\/posts\/24269\/revisions"}],"predecessor-version":[{"id":24271,"href":"https:\/\/hormigaradio.com\/index.php?rest_route=\/wp\/v2\/posts\/24269\/revisions\/24271"}],"wp:featuredmedia":[{"embeddable":true,"href":"https:\/\/hormigaradio.com\/index.php?rest_route=\/wp\/v2\/media\/24270"}],"wp:attachment":[{"href":"https:\/\/hormigaradio.com\/index.php?rest_route=%2Fwp%2Fv2%2Fmedia&parent=24269"}],"wp:term":[{"taxonomy":"category","embeddable":true,"href":"https:\/\/hormigaradio.com\/index.php?rest_route=%2Fwp%2Fv2%2Fcategories&post=24269"},{"taxonomy":"post_tag","embeddable":true,"href":"https:\/\/hormigaradio.com\/index.php?rest_route=%2Fwp%2Fv2%2Ftags&post=24269"}],"curies":[{"name":"wp","href":"https:\/\/api.w.org\/{rel}","templated":true}]}}