{"id":24942,"date":"2026-01-13T17:53:04","date_gmt":"2026-01-13T17:53:04","guid":{"rendered":"https:\/\/hormigaradio.com\/?p=24942"},"modified":"2026-01-13T17:53:04","modified_gmt":"2026-01-13T17:53:04","slug":"fbi-se-intregara-este-miercoles-a-la-busqueda-de-brianna","status":"publish","type":"post","link":"https:\/\/hormigaradio.com\/?p=24942","title":{"rendered":"FBI SE INTREGARA ESTE MIERCOLES A LA BUSQUEDA DE BRIANNA"},"content":{"rendered":"<p><img loading=\"lazy\" class=\"size-medium wp-image-24937 alignleft\" src=\"http:\/\/hormigaradio.com\/wp-content\/uploads\/2026\/01\/LA-MANtA-DE-del-caso-Brianna-300x214.jpg\" alt=\"\" width=\"300\" height=\"214\" srcset=\"https:\/\/hormigaradio.com\/wp-content\/uploads\/2026\/01\/LA-MANtA-DE-del-caso-Brianna-300x214.jpg 300w, https:\/\/hormigaradio.com\/wp-content\/uploads\/2026\/01\/LA-MANtA-DE-del-caso-Brianna-1024x730.jpg 1024w, https:\/\/hormigaradio.com\/wp-content\/uploads\/2026\/01\/LA-MANtA-DE-del-caso-Brianna-768x548.jpg 768w, https:\/\/hormigaradio.com\/wp-content\/uploads\/2026\/01\/LA-MANtA-DE-del-caso-Brianna.jpg 1280w\" sizes=\"(max-width: 300px) 100vw, 300px\" \/>M\u00e1ximo Laureano<\/p>\n<p>El vocero de la Polic\u00eda Nacional, coronel Diego Pesqueira, anunci\u00f3 este mi\u00e9rcoles, se suman t\u00e9cnicos del FBI y una unidad de canina, especializada, a la b\u00fasqueda de la ni\u00f1a Brinana Genao.<\/p>\n<p>El coronel Pesqueira tambi\u00e9n dijo que se ha ampliado el radio de b\u00fasqueda, en procura de las personas evidencias, que ayuden a resolver el caso.<\/p>\n<p>Pesqueira dijo que a partir de este martes se ha crear\u00e1s una unidad de comunicaci\u00f3n, para interactuar con los periodistas para ofrecer las indicaciones, de todo cuando ocurra en el lugar.<br \/>\nSeg\u00fan dijo <a href=\"https:\/\/x.com\/pesqueiradiego\">Diego Pesqueira<\/a> unos 50 hombres y mujeres de las distintas instituciones, est\u00e1n en la b\u00fasqueda, con sistemas de drones especializadas y los perros que olfatean el sitio de rastreo en Barrero, Imbert, donde se vio por \u00faltima vez a la menor Brinana Genao, el 31 de diciembre.<\/p>\n<p><iframe loading=\"lazy\" title=\"Diego Perqueira Habla caso Brianna 13-01-2026\" width=\"715\" height=\"402\" src=\"https:\/\/www.youtube.com\/embed\/oZ1wwksuv44?feature=oembed\" frameborder=\"0\" allow=\"accelerometer; autoplay; clipboard-write; encrypted-media; gyroscope; picture-in-picture; web-share\" referrerpolicy=\"strict-origin-when-cross-origin\" allowfullscreen><\/iframe><\/p>\n<p>Impactos: 35<\/p>","protected":false},"excerpt":{"rendered":"<p>M\u00e1ximo Laureano El vocero de la Polic\u00eda Nacional, coronel Diego Pesqueira, anunci\u00f3 este mi\u00e9rcoles, se suman t\u00e9cnicos del FBI y una unidad de canina,<\/p>\n","protected":false},"author":3,"featured_media":24908,"comment_status":"closed","ping_status":"closed","sticky":false,"template":"","format":"standard","meta":[],"categories":[3],"tags":[],"_links":{"self":[{"href":"https:\/\/hormigaradio.com\/index.php?rest_route=\/wp\/v2\/posts\/24942"}],"collection":[{"href":"https:\/\/hormigaradio.com\/index.php?rest_route=\/wp\/v2\/posts"}],"about":[{"href":"https:\/\/hormigaradio.com\/index.php?rest_route=\/wp\/v2\/types\/post"}],"author":[{"embeddable":true,"href":"https:\/\/hormigaradio.com\/index.php?rest_route=\/wp\/v2\/users\/3"}],"replies":[{"embeddable":true,"href":"https:\/\/hormigaradio.com\/index.php?rest_route=%2Fwp%2Fv2%2Fcomments&post=24942"}],"version-history":[{"count":1,"href":"https:\/\/hormigaradio.com\/index.php?rest_route=\/wp\/v2\/posts\/24942\/revisions"}],"predecessor-version":[{"id":24943,"href":"https:\/\/hormigaradio.com\/index.php?rest_route=\/wp\/v2\/posts\/24942\/revisions\/24943"}],"wp:featuredmedia":[{"embeddable":true,"href":"https:\/\/hormigaradio.com\/index.php?rest_route=\/wp\/v2\/media\/24908"}],"wp:attachment":[{"href":"https:\/\/hormigaradio.com\/index.php?rest_route=%2Fwp%2Fv2%2Fmedia&parent=24942"}],"wp:term":[{"taxonomy":"category","embeddable":true,"href":"https:\/\/hormigaradio.com\/index.php?rest_route=%2Fwp%2Fv2%2Fcategories&post=24942"},{"taxonomy":"post_tag","embeddable":true,"href":"https:\/\/hormigaradio.com\/index.php?rest_route=%2Fwp%2Fv2%2Ftags&post=24942"}],"curies":[{"name":"wp","href":"https:\/\/api.w.org\/{rel}","templated":true}]}}