{"id":24953,"date":"2026-01-14T23:24:14","date_gmt":"2026-01-14T23:24:14","guid":{"rendered":"https:\/\/hormigaradio.com\/?p=24953"},"modified":"2026-01-14T23:24:14","modified_gmt":"2026-01-14T23:24:14","slug":"el-yeyo-de-un-agente-del-fbi-no-afecto-busqueda-de-nina-brianna-dice-vocero-de-la-pn","status":"publish","type":"post","link":"https:\/\/hormigaradio.com\/?p=24953","title":{"rendered":"EL &#8216;YEYO&#8217; DE UN AGENTE DEL FBI NO AFECT\u00d3 B\u00daSQUEDA DE NI\u00d1A BRIANNA, DICE VOCERO DE LA PN"},"content":{"rendered":"<p>Por\u00a0<span class=\"name font-600\"><a title=\"M\u00e1ximo Laureano\" href=\"https:\/\/acento.com.do\/autor\/mlaureano.html\">M\u00e1ximo Laureano<\/a><\/span><\/p>\n<p>El vocero de la Polic\u00eda Nacional, Diego Pesqueira, inform\u00f3 que las autoridades mantienen todo su empe\u00f1o en la b\u00fasqueda de la ni\u00f1a Brianna Genao, desaparecida hace dos semanas en una zona rural de Puerto Plata, y confirm\u00f3 que uno de los miembros del FBI que participa como entrenador de perros en el rastreo &#8220;le di\u00f3 un yeyo&#8221; (mareo), pero que no por ello se detuvo la labor de campo.<\/p>\n<p>&#8220;Solo queremos recordar que esa persona recibi\u00f3 las atenciones m\u00e9dicas requeridas en el momento&#8221;, a\u00f1adi\u00f3.<\/p>\n<p><iframe loading=\"lazy\" title=\"Vocero de la Polic\u00eda dice autoridades mantienen todo su empe\u00f1o en b\u00fasqueda de Brianna\" src=\"https:\/\/geo.dailymotion.com\/player.html?video=x9xs58y&amp;\" width=\"500\" height=\"500\" frameborder=\"0\" allowfullscreen=\"allowfullscreen\" data-mce-fragment=\"1\"><\/iframe><\/p>\n<p>El director de la Defensa Civil en Puerto Plata, Wascar Garc\u00eda, dijo a su vez que han buscado en un espacio de 8 kil\u00f3metros cuadrados y confirm\u00f3 que los equipos del Ministerio P\u00fablico y la Polic\u00eda Nacional agotaron este mi\u00e9rcoles una jornada de trabajo con el apoyo t\u00e9cnico del FBI.<\/p>\n<p>&#8220;Agradecemos el esfuerzo de los representantes de los medios informativos que cubren este hecho y que se esfuerzan por tener informaci\u00f3n oficial y verificable&#8221;, precis\u00f3 Pesqueira y reiter\u00f3 que que las investigaciones y\u00a0 la b\u00fasqueda contin\u00faan.<\/p>\n<p>Impactos: 21<\/p>","protected":false},"excerpt":{"rendered":"<p>Por\u00a0M\u00e1ximo Laureano El vocero de la Polic\u00eda Nacional, Diego Pesqueira, inform\u00f3 que las autoridades mantienen todo su empe\u00f1o en la b\u00fasqueda de la ni\u00f1a<\/p>\n","protected":false},"author":3,"featured_media":24945,"comment_status":"closed","ping_status":"closed","sticky":false,"template":"","format":"standard","meta":[],"categories":[1],"tags":[],"_links":{"self":[{"href":"https:\/\/hormigaradio.com\/index.php?rest_route=\/wp\/v2\/posts\/24953"}],"collection":[{"href":"https:\/\/hormigaradio.com\/index.php?rest_route=\/wp\/v2\/posts"}],"about":[{"href":"https:\/\/hormigaradio.com\/index.php?rest_route=\/wp\/v2\/types\/post"}],"author":[{"embeddable":true,"href":"https:\/\/hormigaradio.com\/index.php?rest_route=\/wp\/v2\/users\/3"}],"replies":[{"embeddable":true,"href":"https:\/\/hormigaradio.com\/index.php?rest_route=%2Fwp%2Fv2%2Fcomments&post=24953"}],"version-history":[{"count":1,"href":"https:\/\/hormigaradio.com\/index.php?rest_route=\/wp\/v2\/posts\/24953\/revisions"}],"predecessor-version":[{"id":24954,"href":"https:\/\/hormigaradio.com\/index.php?rest_route=\/wp\/v2\/posts\/24953\/revisions\/24954"}],"wp:featuredmedia":[{"embeddable":true,"href":"https:\/\/hormigaradio.com\/index.php?rest_route=\/wp\/v2\/media\/24945"}],"wp:attachment":[{"href":"https:\/\/hormigaradio.com\/index.php?rest_route=%2Fwp%2Fv2%2Fmedia&parent=24953"}],"wp:term":[{"taxonomy":"category","embeddable":true,"href":"https:\/\/hormigaradio.com\/index.php?rest_route=%2Fwp%2Fv2%2Fcategories&post=24953"},{"taxonomy":"post_tag","embeddable":true,"href":"https:\/\/hormigaradio.com\/index.php?rest_route=%2Fwp%2Fv2%2Ftags&post=24953"}],"curies":[{"name":"wp","href":"https:\/\/api.w.org\/{rel}","templated":true}]}}