{"id":24968,"date":"2026-01-15T23:01:38","date_gmt":"2026-01-15T23:01:38","guid":{"rendered":"https:\/\/hormigaradio.com\/?p=24968"},"modified":"2026-01-15T23:01:38","modified_gmt":"2026-01-15T23:01:38","slug":"busqueda-por-desaparicion-de-brianna-se-mantiene-pero-sin-resultados","status":"publish","type":"post","link":"https:\/\/hormigaradio.com\/?p=24968","title":{"rendered":"B\u00daSQUEDA POR DESAPARICI\u00d3N DE BRIANNA SE MANTIENE, PERO SIN RESULTADOS"},"content":{"rendered":"<p>Por\u00a0<span class=\"name font-600\"><a title=\"M\u00e1ximo Laureano\" href=\"https:\/\/acento.com.do\/autor\/mlaureano.html\">M\u00e1ximo Laureano<\/a><\/span><\/p>\n<p>A 15 d\u00edas de anunciarse la desaparici\u00f3n de la ni\u00f1a\u00a0<strong>Brianna Genao Gonz\u00e1lez<\/strong>, de tres a\u00f1os de edad, las autoridades siguen la b\u00fasqueda, pero sin muchos resultados.<\/p>\n<p>Este jueves, miembros del Bur\u00f3 Federal de Investigaciones de\u00a0<strong>Estados Unidos<\/strong>\u00a0<strong>(FBI),<\/strong>\u00a0retomaron el rastreo, en refuerzo a los equipos de Rep\u00fablica Dominicana, que han participado en la b\u00fasqueda desde el momento en el que se notific\u00f3 la desaparici\u00f3n.<\/p>\n<p><iframe loading=\"lazy\" title=\"Quince d\u00edas sin resultados notables en busca de la ni\u00f1a Brianna Genao\" src=\"https:\/\/geo.dailymotion.com\/player.html?video=x9xun4g&amp;\" width=\"500\" height=\"625\" frameborder=\"0\" allowfullscreen=\"allowfullscreen\" data-mce-fragment=\"1\"><\/iframe><\/p>\n<p>Las autoridades anunciaron que mantienen el operativo en procura de evidencias que ayuden a despejar dudas sobre la desaparici\u00f3n de la menor, aunque este jueves se observ\u00f3 un reducci\u00f3n de los agentes.<\/p>\n<section id=\"newsletter\">\n<header class=\"newsletter__header\"><\/header>\n<p class=\"newsletter__disclaimer\">El vocero de la <strong>Polic\u00eda Nacional<\/strong>, coronel\u00a0<strong>Diego Pesqueira<\/strong>, habl\u00f3 con los periodistas, pero sin aportar datos novedosos sobre al caso.<\/p>\n<\/section>\n<p><strong>Brianna Genao<\/strong>\u00a0est\u00e1s desaparecida desde el pasado 31 de diciembre, hecho que ha generado preocupaci\u00f3n en la comunidad y mantiene activados a distintos organismos nacionales e internacionales de rescate e investigaci\u00f3n.<\/p>\n<p>Brianna es hija de\u00a0<a href=\"https:\/\/acento.com.do\/actualidad\/undecimo-dia-caso-brianna-barrero-del-anonimato-a-un-forzado-reconocimiento-global-con-traje-de-dolor-9603501.html\">Carlos Manuel Genao (Adonis), de 22 a\u00f1os de edad y Yessica Gonz\u00e1lez<\/a>, de 20 a\u00f1os, ambos de la comunidad Barrero, en Navarrete, domicilio principal de la menor. La ni\u00f1a reside en la comunidad con su abuela materna, esto luego de que su madre migrara a\u00a0<strong>Estados Unidos<\/strong>, tras separarse de su compa\u00f1ero.<\/p>\n<h2>Arrestos, confesiones y libertad<\/h2>\n<p>El pasado 7 de enero, se dio a conocer que dos t\u00edos, hijos de una hermana de la abuela de la ni\u00f1a,\u00a0<a href=\"https:\/\/acento.com.do\/actualidad\/tios-de-brianna-confiesan-violacion-asesinato-y-entierro-de-la-menor-de-tres-anos-9601980.html\">habr\u00edan confesado ser los autores de su muerte.<\/a><\/p>\n<p>Seg\u00fan las informaciones, ambos habr\u00edan participado en la violaci\u00f3n y asesinato de\u00a0<strong>Brianna,<\/strong>\u00a0y posteriormente enterrada.<\/p>\n<p>Se trata de\u00a0Rafael Rosario, alias Papito, y Reyes Rosario, quienes \u2013 seg\u00fan fuentes consultadas por Acento \u2013 &#8220;se pusieron de acuerdo para no decir d\u00f3nde est\u00e1 enterrado el cuerpo&#8221;.<\/p>\n<p>Los parientes de Brianna fueron detenidos para fines de investigaci\u00f3n.\u00a0Sin embargo, pasadas m\u00e1s de 24 horas del arresto, ni la\u00a0<strong>Polic\u00eda Nacional<\/strong>\u00a0ni el\u00a0<strong>Ministerio P\u00fablico<\/strong>\u00a0hab\u00edan tomado una decisi\u00f3n sobre presentar el sometimiento por el crimen contra los t\u00edos abuelos de la ni\u00f1a\u00a0<strong>Brianna Genao Rosario,<\/strong>\u00a0pese a la confesi\u00f3n de ambos de que violaron, mataron y enterraron a la menor de tres a\u00f1os de edad.<\/p>\n<p>Impactos: 28<\/p>","protected":false},"excerpt":{"rendered":"<p>Por\u00a0M\u00e1ximo Laureano A 15 d\u00edas de anunciarse la desaparici\u00f3n de la ni\u00f1a\u00a0Brianna Genao Gonz\u00e1lez, de tres a\u00f1os de edad, las autoridades siguen la b\u00fasqueda,<\/p>\n","protected":false},"author":3,"featured_media":24969,"comment_status":"closed","ping_status":"closed","sticky":false,"template":"","format":"standard","meta":[],"categories":[3],"tags":[],"_links":{"self":[{"href":"https:\/\/hormigaradio.com\/index.php?rest_route=\/wp\/v2\/posts\/24968"}],"collection":[{"href":"https:\/\/hormigaradio.com\/index.php?rest_route=\/wp\/v2\/posts"}],"about":[{"href":"https:\/\/hormigaradio.com\/index.php?rest_route=\/wp\/v2\/types\/post"}],"author":[{"embeddable":true,"href":"https:\/\/hormigaradio.com\/index.php?rest_route=\/wp\/v2\/users\/3"}],"replies":[{"embeddable":true,"href":"https:\/\/hormigaradio.com\/index.php?rest_route=%2Fwp%2Fv2%2Fcomments&post=24968"}],"version-history":[{"count":1,"href":"https:\/\/hormigaradio.com\/index.php?rest_route=\/wp\/v2\/posts\/24968\/revisions"}],"predecessor-version":[{"id":24970,"href":"https:\/\/hormigaradio.com\/index.php?rest_route=\/wp\/v2\/posts\/24968\/revisions\/24970"}],"wp:featuredmedia":[{"embeddable":true,"href":"https:\/\/hormigaradio.com\/index.php?rest_route=\/wp\/v2\/media\/24969"}],"wp:attachment":[{"href":"https:\/\/hormigaradio.com\/index.php?rest_route=%2Fwp%2Fv2%2Fmedia&parent=24968"}],"wp:term":[{"taxonomy":"category","embeddable":true,"href":"https:\/\/hormigaradio.com\/index.php?rest_route=%2Fwp%2Fv2%2Fcategories&post=24968"},{"taxonomy":"post_tag","embeddable":true,"href":"https:\/\/hormigaradio.com\/index.php?rest_route=%2Fwp%2Fv2%2Ftags&post=24968"}],"curies":[{"name":"wp","href":"https:\/\/api.w.org\/{rel}","templated":true}]}}