{"id":24972,"date":"2026-01-17T04:17:46","date_gmt":"2026-01-17T04:17:46","guid":{"rendered":"https:\/\/hormigaradio.com\/?p=24972"},"modified":"2026-01-17T04:19:30","modified_gmt":"2026-01-17T04:19:30","slug":"daniel-galan-un-nuevo-fenomeno-de-la-musica-tipica","status":"publish","type":"post","link":"https:\/\/hormigaradio.com\/?p=24972","title":{"rendered":"DANIEL GAL\u00c0N   UN NUEVO FEN\u00d2MENO DE LA M\u00d9SICA T\u00ccPICA"},"content":{"rendered":"<p><img loading=\"lazy\" class=\"alignnone wp-image-15152\" src=\"http:\/\/hormigaradio.com\/wp-content\/uploads\/2022\/01\/FIRMA-para-Hormiga-Radio-300x158.jpeg\" alt=\"\" width=\"80\" height=\"42\" \/><\/p>\n<p>El acordeonista Daniel Gal\u00e1n esper\u00f3 pacientemente su oportunidad y gracias a la versi\u00f3n \u201cEl Palomo\u201d, del tema original \u201cLa Chiflera\u201d, es actualmente una de las figuras m\u00e1s sobresalientes y populares de la m\u00fasica t\u00edpica dominicana.<\/p>\n<p>Despu\u00e9s de un largo proceso junto a otras agrupaciones t\u00edpicas, es en el 2023 cuando decide iniciar su propio proyecto, logrando gran impacto en el 2025 con \u201cEl Palomo\u201d, un tema que ha sido tendencia en todas las plataformas digitales.<\/p>\n<p><img loading=\"lazy\" class=\"alignright wp-image-24973 size-medium\" src=\"http:\/\/hormigaradio.com\/wp-content\/uploads\/2026\/01\/DANIEL-GALAN-foto-207x300.jpg\" alt=\"\" width=\"207\" height=\"300\" srcset=\"https:\/\/hormigaradio.com\/wp-content\/uploads\/2026\/01\/DANIEL-GALAN-foto-207x300.jpg 207w, https:\/\/hormigaradio.com\/wp-content\/uploads\/2026\/01\/DANIEL-GALAN-foto-707x1024.jpg 707w, https:\/\/hormigaradio.com\/wp-content\/uploads\/2026\/01\/DANIEL-GALAN-foto-768x1112.jpg 768w, https:\/\/hormigaradio.com\/wp-content\/uploads\/2026\/01\/DANIEL-GALAN-foto-1061x1536.jpg 1061w, https:\/\/hormigaradio.com\/wp-content\/uploads\/2026\/01\/DANIEL-GALAN-foto.jpg 1104w\" sizes=\"(max-width: 207px) 100vw, 207px\" \/><\/p>\n<p>Daniel Gal\u00e1n es un m\u00fasico dominicano, arreglista, compositor e instrumentista del acorde\u00f3n, la g\u00fcira y la tambora.<\/p>\n<p>Su consolidaci\u00f3n en el 2025, tras el \u00e9xito de \u201cEl Palomo\u201d vino acompa\u00f1ada de un gran n\u00famero de contrataciones y eventos masivos, entre los que sobresale su actuaci\u00f3n en el concierto del bachatero Raulin Rodr\u00edguez en el Gran Arena del Cibao, donde demostr\u00f3 sus dotes de \u201cshowman\u201d en el escenario, caracter\u00edstica que identifica cada una de sus presentaciones.<\/p>\n<p>\u201cEl proceso no ha sido f\u00e1cil, pero el tiempo de Dios es perfecto\u201d dijo Gal\u00e1n quien trabaj\u00f3 como taxista en los Estados Unidos para sustentar su sue\u00f1o.<\/p>\n<p>Conocido como \u201cEl Palomo\u201d y \u201cEl Tsunami\u201d, el m\u00fasico naci\u00f3 en Dajab\u00f3n y desde muy peque\u00f1o mostr\u00f3 su amor por la m\u00fasica, formando parte desde los doce a\u00f1os del coro de la Iglesia Cristiana en La Uni\u00f3n en Sos\u00faa como tamborero y guirero y luego su t\u00edo, Marcelino Hern\u00e1ndez de Montecristi, le ense\u00f1\u00f3 a tocar el acorde\u00f3n, instrumento que maneja con gran destreza.<\/p>\n<p>Gal\u00e1n cuenta con amplia experiencia musical, por su trabajo junto a las agrupaciones El S\u00faper Mambo T\u00edpico en Mao, ahora New Mambo, junto a Krisspy y su Flow, Jos\u00e9 El Calvo y la agrupaci\u00f3n I Swing.<\/p>\n<p>Durante una d\u00e9cada, en el per\u00edodo comprendido entre el 2012 y 2022, Daniel Gal\u00e1n residi\u00f3 en los Estados Unidos, pa\u00eds donde tambi\u00e9n trabaj\u00f3 con las agrupaciones de Narciso El Pavarotti y Grupo Nexo.<\/p>\n<p>Debido al \u00e9xito de su propuesta t\u00edpica, el artista Daniel Gal\u00e1n realizar\u00e1 su primera gira en los Estados Unidos a partir del 23 de enero del 2026 donde actuar\u00e1 en diversos estados.<\/p>\n<p>Como compositor y arreglista tiene una amplia lista de temas musicales in\u00e9ditos entre los que se destacan \u201cMi Cigarro\u201d, \u201cMi Orgullo\u201d, \u201cHaitiana\u201d, \u201cMadre Soltera\u201d, \u201cMi amor del Pasado\u201d, \u201cNavidad\u201d , entre otros.<\/p>\n<p>A pesar de varias ofertas laborales de diversas empresas musicales, el artista maneja su carrera de manera independiente, acompa\u00f1ado de Moreno Polanco, como manager y representante.<\/p>\n<p>Impactos: 33<\/p>","protected":false},"excerpt":{"rendered":"<p>El acordeonista Daniel Gal\u00e1n esper\u00f3 pacientemente su oportunidad y gracias a la versi\u00f3n \u201cEl Palomo\u201d, del tema original \u201cLa Chiflera\u201d, es actualmente una de<\/p>\n","protected":false},"author":3,"featured_media":24973,"comment_status":"closed","ping_status":"closed","sticky":false,"template":"","format":"standard","meta":[],"categories":[4],"tags":[],"_links":{"self":[{"href":"https:\/\/hormigaradio.com\/index.php?rest_route=\/wp\/v2\/posts\/24972"}],"collection":[{"href":"https:\/\/hormigaradio.com\/index.php?rest_route=\/wp\/v2\/posts"}],"about":[{"href":"https:\/\/hormigaradio.com\/index.php?rest_route=\/wp\/v2\/types\/post"}],"author":[{"embeddable":true,"href":"https:\/\/hormigaradio.com\/index.php?rest_route=\/wp\/v2\/users\/3"}],"replies":[{"embeddable":true,"href":"https:\/\/hormigaradio.com\/index.php?rest_route=%2Fwp%2Fv2%2Fcomments&post=24972"}],"version-history":[{"count":3,"href":"https:\/\/hormigaradio.com\/index.php?rest_route=\/wp\/v2\/posts\/24972\/revisions"}],"predecessor-version":[{"id":24986,"href":"https:\/\/hormigaradio.com\/index.php?rest_route=\/wp\/v2\/posts\/24972\/revisions\/24986"}],"wp:featuredmedia":[{"embeddable":true,"href":"https:\/\/hormigaradio.com\/index.php?rest_route=\/wp\/v2\/media\/24973"}],"wp:attachment":[{"href":"https:\/\/hormigaradio.com\/index.php?rest_route=%2Fwp%2Fv2%2Fmedia&parent=24972"}],"wp:term":[{"taxonomy":"category","embeddable":true,"href":"https:\/\/hormigaradio.com\/index.php?rest_route=%2Fwp%2Fv2%2Fcategories&post=24972"},{"taxonomy":"post_tag","embeddable":true,"href":"https:\/\/hormigaradio.com\/index.php?rest_route=%2Fwp%2Fv2%2Ftags&post=24972"}],"curies":[{"name":"wp","href":"https:\/\/api.w.org\/{rel}","templated":true}]}}