{"id":24976,"date":"2026-01-17T03:45:16","date_gmt":"2026-01-17T03:45:16","guid":{"rendered":"https:\/\/hormigaradio.com\/?p=24976"},"modified":"2026-01-17T03:45:16","modified_gmt":"2026-01-17T03:45:16","slug":"familiares-de-brianna-genao-convocan-a-marcha-este-domingo","status":"publish","type":"post","link":"https:\/\/hormigaradio.com\/?p=24976","title":{"rendered":"FAMILIARES DE BRIANNA GENAO CONVOCAN A MARCHA ESTE DOMINGO"},"content":{"rendered":"<p><img loading=\"lazy\" class=\"size-medium wp-image-24969 alignleft\" src=\"http:\/\/hormigaradio.com\/wp-content\/uploads\/2026\/01\/DP-300x169.jpg\" alt=\"\" width=\"300\" height=\"169\" srcset=\"https:\/\/hormigaradio.com\/wp-content\/uploads\/2026\/01\/DP-300x169.jpg 300w, https:\/\/hormigaradio.com\/wp-content\/uploads\/2026\/01\/DP-1024x576.jpg 1024w, https:\/\/hormigaradio.com\/wp-content\/uploads\/2026\/01\/DP-768x432.jpg 768w, https:\/\/hormigaradio.com\/wp-content\/uploads\/2026\/01\/DP-1536x864.jpg 1536w, https:\/\/hormigaradio.com\/wp-content\/uploads\/2026\/01\/DP-715x400.jpg 715w, https:\/\/hormigaradio.com\/wp-content\/uploads\/2026\/01\/DP.jpg 1599w\" sizes=\"(max-width: 300px) 100vw, 300px\" \/><\/p>\n<p>Por\u00a0<span class=\"name font-600\"><a title=\"M\u00e1ximo Laureano\" href=\"https:\/\/acento.com.do\/autor\/mlaureano.html\">M\u00e1ximo Laureano<\/a><\/span><\/p>\n<p>Para el pr\u00f3ximo domingo 18 de enero, la familia de la ni\u00f1a\u00a0<a href=\"https:\/\/www.google.com\/search?q=brianna+genao&amp;sca_esv=4ba3af865432350d&amp;hl=es-419&amp;udm=2&amp;biw=1488&amp;bih=698&amp;aic=0&amp;sxsrf=ANbL-n7dGvZa0xzGZdg6j58BgZV-I2GARw%3A1768621225088&amp;ei=qQRrad-KBZ-rw8cPsvPjyQM&amp;oq=brianna&amp;gs_lp=Egtnd3Mtd2l6LWltZyIHYnJpYW5uYSoCCAAyBBAAGAMyBBAAGAMyBBAAGAMyCxAAGIAEGLEDGIMBMgQQABgDMgQQABgDMgQQABgDMgUQABiABDIFEAAYgAQyBRAAGIAESJwtUMMNWLgccAF4AJABAJgB1QGgAbAHqgEFMS41LjG4AQHIAQD4AQGYAgigAucHwgIGEAAYBxgewgIGEAAYCBgewgIHECMYJxjJAsICChAAGIAEGEMYigXCAggQABiABBixA8ICDhAAGIAEGLEDGIMBGIoFmAMAiAYBkgcFMS42LjGgB5IosgcFMC42LjG4B-AHwgcDMi04yAcqgAgA&amp;sclient=gws-wiz-img\"><strong>Brianna Genao<\/strong><\/a>, por parte del padre,\u00a0<strong>Carlos Manuel Genao<\/strong>\u00a0(Adonis), ha anunciado una marcha con el apoyo de la comunidad de\u00a0<strong><a href=\"https:\/\/www.google.com\/search?sca_esv=4ba3af865432350d&amp;hl=es-419&amp;sxsrf=ANbL-n6qi279TTifXstytLjU4h9cY2FIWg:1768621222280&amp;udm=2&amp;fbs=ADc_l-bpk8W4E-qsVlOvbGJcDwpn60DczFdcvPnuv8WQohHLTaf9fS4tJ71bi2aHS-Pmeg2QNsLCUqzZKqmjKDQ4UhxY6ffROU2yEMzKEjuiCjPwM3CYZuiu6nr8dmNFQvKnftwwPEkavMWwAlQMJ1Vq7NZOs7NQDRkTzcxo7QBUWVur3mGcg_hoCtK3ZfpbxSSbm0LRJA-cc8AalRe4kPzMdfz0QAtTDQ&amp;q=barrero+navarrete&amp;sa=X&amp;ved=2ahUKEwiu1si905GSAxVXlIkEHa25DloQtKgLegQIDRAB&amp;biw=1488&amp;bih=698&amp;dpr=1.25&amp;aic=0\">Barrero<\/a>,<\/strong>\u00a0en\u00a0<strong>Navarrete,<\/strong>\u00a0para insistir en las exigencias de que se aclare el caso.<\/p>\n<p><strong><a href=\"https:\/\/www.google.com\/search?sca_esv=4ba3af865432350d&amp;hl=es-419&amp;sxsrf=ANbL-n6qi279TTifXstytLjU4h9cY2FIWg:1768621222280&amp;udm=2&amp;fbs=ADc_l-bpk8W4E-qsVlOvbGJcDwpn60DczFdcvPnuv8WQohHLTaf9fS4tJ71bi2aHS-Pmeg2QNsLCUqzZKqmjKDQ4UhxY6ffROU2yEMzKEjuiCjPwM3CYZuiu6nr8dmNFQvKnftwwPEkavMWwAlQMJ1Vq7NZOs7NQDRkTzcxo7QBUWVur3mGcg_hoCtK3ZfpbxSSbm0LRJA-cc8AalRe4kPzMdfz0QAtTDQ&amp;q=barrero+navarrete&amp;sa=X&amp;ved=2ahUKEwiu1si905GSAxVXlIkEHa25DloQtKgLegQIDRAB&amp;biw=1488&amp;bih=698&amp;dpr=1.25&amp;aic=0\">Barrero, Navarrete<\/a>,<\/strong>\u00a0es la comunidad donde reside la menor\u00a0<strong>Brianna Genao<\/strong>, en la vivienda de su abuela materna.<\/p>\n<p>Los agentes de la\u00a0<strong>Polic\u00eda Nacional<\/strong>\u00a0siguen en vigilia permanente, a uno o dos kil\u00f3metros de\u00a0<strong>Barrero,<\/strong>\u00a0para depurar qui\u00e9nes salen y entran a la comunidad donde fue vista la ni\u00f1a\u00a0<a href=\"https:\/\/www.google.com\/search?q=brianna+genao&amp;sca_esv=4ba3af865432350d&amp;hl=es-419&amp;udm=2&amp;biw=1488&amp;bih=698&amp;aic=0&amp;sxsrf=ANbL-n7dGvZa0xzGZdg6j58BgZV-I2GARw%3A1768621225088&amp;ei=qQRrad-KBZ-rw8cPsvPjyQM&amp;oq=brianna&amp;gs_lp=Egtnd3Mtd2l6LWltZyIHYnJpYW5uYSoCCAAyBBAAGAMyBBAAGAMyBBAAGAMyCxAAGIAEGLEDGIMBMgQQABgDMgQQABgDMgQQABgDMgUQABiABDIFEAAYgAQyBRAAGIAESJwtUMMNWLgccAF4AJABAJgB1QGgAbAHqgEFMS41LjG4AQHIAQD4AQGYAgigAucHwgIGEAAYBxgewgIGEAAYCBgewgIHECMYJxjJAsICChAAGIAEGEMYigXCAggQABiABBixA8ICDhAAGIAEGLEDGIMBGIoFmAMAiAYBkgcFMS42LjGgB5IosgcFMC42LjG4B-AHwgcDMi04yAcqgAgA&amp;sclient=gws-wiz-img\"><strong>Brianna Genao<\/strong>\u00a0<\/a>el 31 de diciembre y donde se ha establecido un per\u00edmetro para encontrar evidencias de su paradero.<\/p>\n<p>La Polic\u00eda ha dicho, a trav\u00e9s de su vocero, el coronel\u00a0<strong>Diego Pesqueira<\/strong>, que la b\u00fasqueda no se ha detenido y que se sigue ampliando el espacio para el rastreo. Pesqueira indic\u00f3 que desconoce las versiones de que los agentes y t\u00e9cnicos del FBI se retirar\u00edan de la zona este lunes 19 de enero y asegur\u00f3 que continuar\u00e1n en la b\u00fasqueda de la menor de tres a\u00f1os.<\/p>\n<p>Impactos: 19<\/p>","protected":false},"excerpt":{"rendered":"<p>Por\u00a0M\u00e1ximo Laureano Para el pr\u00f3ximo domingo 18 de enero, la familia de la ni\u00f1a\u00a0Brianna Genao, por parte del padre,\u00a0Carlos Manuel Genao\u00a0(Adonis), ha anunciado una<\/p>\n","protected":false},"author":3,"featured_media":24969,"comment_status":"closed","ping_status":"closed","sticky":false,"template":"","format":"standard","meta":[],"categories":[3],"tags":[],"_links":{"self":[{"href":"https:\/\/hormigaradio.com\/index.php?rest_route=\/wp\/v2\/posts\/24976"}],"collection":[{"href":"https:\/\/hormigaradio.com\/index.php?rest_route=\/wp\/v2\/posts"}],"about":[{"href":"https:\/\/hormigaradio.com\/index.php?rest_route=\/wp\/v2\/types\/post"}],"author":[{"embeddable":true,"href":"https:\/\/hormigaradio.com\/index.php?rest_route=\/wp\/v2\/users\/3"}],"replies":[{"embeddable":true,"href":"https:\/\/hormigaradio.com\/index.php?rest_route=%2Fwp%2Fv2%2Fcomments&post=24976"}],"version-history":[{"count":1,"href":"https:\/\/hormigaradio.com\/index.php?rest_route=\/wp\/v2\/posts\/24976\/revisions"}],"predecessor-version":[{"id":24977,"href":"https:\/\/hormigaradio.com\/index.php?rest_route=\/wp\/v2\/posts\/24976\/revisions\/24977"}],"wp:featuredmedia":[{"embeddable":true,"href":"https:\/\/hormigaradio.com\/index.php?rest_route=\/wp\/v2\/media\/24969"}],"wp:attachment":[{"href":"https:\/\/hormigaradio.com\/index.php?rest_route=%2Fwp%2Fv2%2Fmedia&parent=24976"}],"wp:term":[{"taxonomy":"category","embeddable":true,"href":"https:\/\/hormigaradio.com\/index.php?rest_route=%2Fwp%2Fv2%2Fcategories&post=24976"},{"taxonomy":"post_tag","embeddable":true,"href":"https:\/\/hormigaradio.com\/index.php?rest_route=%2Fwp%2Fv2%2Ftags&post=24976"}],"curies":[{"name":"wp","href":"https:\/\/api.w.org\/{rel}","templated":true}]}}