{"id":24991,"date":"2026-01-18T04:21:18","date_gmt":"2026-01-18T04:21:18","guid":{"rendered":"https:\/\/hormigaradio.com\/?p=24991"},"modified":"2026-01-18T04:21:18","modified_gmt":"2026-01-18T04:21:18","slug":"vocero-de-la-policia-afirma-que-la-busqueda-de-brianna-no-se-detiene-y-responde-a-quejas-por-flujo-de-informacion","status":"publish","type":"post","link":"https:\/\/hormigaradio.com\/?p=24991","title":{"rendered":"VOCERO DE LA POLIC\u00cdA AFIRMA QUE LA B\u00daSQUEDA DE BRIANNA NO SE DETIENE Y RESPONDE A QUEJAS POR FLUJO DE INFORMACI\u00d3N"},"content":{"rendered":"<p>Por\u00a0<span class=\"name font-600\"><a title=\"M\u00e1ximo Laureano\" href=\"https:\/\/acento.com.do\/autor\/mlaureano.html\">M\u00e1ximo Laureano<\/a><\/span><\/p>\n<p data-start=\"309\" data-end=\"550\">El vocero de la\u00a0<strong>Polic\u00eda Nacional<\/strong>, coronel\u00a0<strong>Diego Pesqueira<\/strong>, inform\u00f3 que se mantiene la b\u00fasqueda de la menor\u00a0<strong>Brianna Genao<\/strong>, en la comunidad de\u00a0<strong>Barrero<\/strong>, municipio de\u00a0<strong>Imbert,<\/strong>\u00a0provincia\u00a0<strong>Puerto Plata<\/strong>, desaparecida desde el 31 de diciembre de 2025.<\/p>\n<p data-start=\"552\" data-end=\"809\">Sobre el caso, el vocero de la instituci\u00f3n explic\u00f3 que en el operativo participan agentes de la Fuerza A\u00e9rea de la Rep\u00fablica Dominicana, la Defensa Civil, la Polic\u00eda Nacional, la Unidad Canina de la instituci\u00f3n del orden, as\u00ed como otras brigadas de socorro.<\/p>\n<p data-start=\"811\" data-end=\"977\">Este s\u00e1bado, las autoridades permitieron a periodistas, \u201cinfluencers\u201d y \u201ccreadores de contenido\u201d llegar hasta la zona donde hab\u00edan estado entre el 6 y el 13 de enero.<\/p>\n<p><iframe loading=\"lazy\" title=\"Vocero de la Polic\u00eda afirma que la b\u00fasqueda de Brianna no se detiene y responde a quejas por flujo de informaci\u00f3n\" src=\"https:\/\/geo.dailymotion.com\/player.html?video=x9xzaes&amp;\" width=\"500\" height=\"500\" frameborder=\"0\" allowfullscreen=\"allowfullscreen\" data-mce-fragment=\"1\"><\/iframe><\/p>\n<p data-start=\"979\" data-end=\"1189\">El mi\u00e9rcoles 14 de enero se integraron a la b\u00fasqueda de la menor\u00a0<strong>Brianna Genao<\/strong>\u00a0agentes del\u00a0<strong>FBI,<\/strong>\u00a0pero hasta la fecha no se ha informado de manera p\u00fablica sobre ning\u00fan hallazgo importante relacionado con la ni\u00f1a.<\/p>\n<p data-start=\"1191\" data-end=\"1588\">El pasado martes 13 de enero, el vocero de la Polic\u00eda, coronel\u00a0<strong>Diego Pesqueira<\/strong>, cre\u00f3 una l\u00ednea de comunicaci\u00f3n para ofrecer informaciones respecto al proceso de b\u00fasqueda, con el objetivo de garantizar datos precisos a los medios. No obstante, ha habido quejas de algunos periodistas y de la \u201creporter\u00eda\u201d en redes sociales, quienes consideran lento el flujo de rese\u00f1as por parte de las autoridades.<\/p>\n<p data-start=\"1590\" data-end=\"1914\">\u201cComprendo la responsabilidad que tienen los medios de comunicaci\u00f3n y los influencers o creadores de contenido de informar, as\u00ed como la nuestra de mantener a la ciudadan\u00eda debidamente informada. No obstante, es importante recordar que los casos de personas desaparecidas son altamente delicados\u201d, dijo Pesqueira este s\u00e1bado.<\/p>\n<p data-start=\"1916\" data-end=\"2195\">El vocero de la Polic\u00eda indic\u00f3 que estas investigaciones requieren tiempo y un manejo responsable de la informaci\u00f3n. Agreg\u00f3 que adelantar datos o emitir conclusiones antes de que las autoridades concluyan su trabajo podr\u00eda entorpecer las labores de los fiscales e investigadores.<\/p>\n<h2 data-start=\"2197\" data-end=\"2206\"><strong data-start=\"2197\" data-end=\"2206\">Datos y marcha.<\/strong><\/h2>\n<p data-start=\"2208\" data-end=\"2412\">Hasta el momento, en la b\u00fasqueda de la menor\u00a0<strong>Brianna Genao<\/strong>\u00a0solo se han revelado dos posibles evidencias: el hallazgo de sus calzados, el 2 de enero, y el levantamiento de un trozo de tela, el 12 de enero.<\/p>\n<p>La familia paterna de la ni\u00f1a\u00a0<strong>Brianna\u00a0<\/strong>\u00a0ha anunciado una marcha con el apoyo de la comunidad de\u00a0<strong>Barrero,<\/strong>\u00a0en\u00a0<strong>Navarrete,<\/strong>\u00a0este domingo 18 de enero, para insistir en las exigencias de que se aclare el caso.<\/p>\n<p><strong>Barrero, Navarrete,<\/strong>\u00a0es la comunidad donde reside la menor\u00a0<strong>Brianna Genao<\/strong>, en la vivienda de su abuela materna.<\/p>\n<p>Impactos: 16<\/p>","protected":false},"excerpt":{"rendered":"<p>Por\u00a0M\u00e1ximo Laureano El vocero de la\u00a0Polic\u00eda Nacional, coronel\u00a0Diego Pesqueira, inform\u00f3 que se mantiene la b\u00fasqueda de la menor\u00a0Brianna Genao, en la comunidad de\u00a0Barrero, municipio<\/p>\n","protected":false},"author":3,"featured_media":24920,"comment_status":"closed","ping_status":"closed","sticky":false,"template":"","format":"standard","meta":[],"categories":[3],"tags":[],"_links":{"self":[{"href":"https:\/\/hormigaradio.com\/index.php?rest_route=\/wp\/v2\/posts\/24991"}],"collection":[{"href":"https:\/\/hormigaradio.com\/index.php?rest_route=\/wp\/v2\/posts"}],"about":[{"href":"https:\/\/hormigaradio.com\/index.php?rest_route=\/wp\/v2\/types\/post"}],"author":[{"embeddable":true,"href":"https:\/\/hormigaradio.com\/index.php?rest_route=\/wp\/v2\/users\/3"}],"replies":[{"embeddable":true,"href":"https:\/\/hormigaradio.com\/index.php?rest_route=%2Fwp%2Fv2%2Fcomments&post=24991"}],"version-history":[{"count":1,"href":"https:\/\/hormigaradio.com\/index.php?rest_route=\/wp\/v2\/posts\/24991\/revisions"}],"predecessor-version":[{"id":24992,"href":"https:\/\/hormigaradio.com\/index.php?rest_route=\/wp\/v2\/posts\/24991\/revisions\/24992"}],"wp:featuredmedia":[{"embeddable":true,"href":"https:\/\/hormigaradio.com\/index.php?rest_route=\/wp\/v2\/media\/24920"}],"wp:attachment":[{"href":"https:\/\/hormigaradio.com\/index.php?rest_route=%2Fwp%2Fv2%2Fmedia&parent=24991"}],"wp:term":[{"taxonomy":"category","embeddable":true,"href":"https:\/\/hormigaradio.com\/index.php?rest_route=%2Fwp%2Fv2%2Fcategories&post=24991"},{"taxonomy":"post_tag","embeddable":true,"href":"https:\/\/hormigaradio.com\/index.php?rest_route=%2Fwp%2Fv2%2Ftags&post=24991"}],"curies":[{"name":"wp","href":"https:\/\/api.w.org\/{rel}","templated":true}]}}