{"id":24993,"date":"2026-01-18T18:26:34","date_gmt":"2026-01-18T18:26:34","guid":{"rendered":"https:\/\/hormigaradio.com\/?p=24993"},"modified":"2026-01-18T18:26:41","modified_gmt":"2026-01-18T18:26:41","slug":"navarrete-marcha-por-brianna-comunidad-exige-respuestas-mientras-continua-la-busqueda-de-la-menor","status":"publish","type":"post","link":"https:\/\/hormigaradio.com\/?p=24993","title":{"rendered":"NAVARRETE MARCHA POR BRIANNA: COMUNIDAD EXIGE RESPUESTAS MIENTRAS CONTIN\u00daA LA B\u00daSQUEDA DE LA MENOR"},"content":{"rendered":"<p>Por\u00a0<span class=\"name font-600\"><a title=\"M\u00e1ximo Laureano\" href=\"https:\/\/acento.com.do\/autor\/mlaureano.html\">M\u00e1ximo Laureano<\/a><\/span><\/p>\n<p>Este domingo, la comunidad de\u00a0<b>Barrero, Navarrete<\/b>\u00a0se moviliza en una caminata encabezada por la familia de la ni\u00f1a\u00a0<a href=\"https:\/\/acento.com.do\/actualidad\/la-desaparicion-de-brianna-una-cronologia-marcada-por-la-incertidumbre-y-las-fallas-9605954.html\">desaparecida\u00a0<\/a><a href=\"https:\/\/acento.com.do\/actualidad\/la-desaparicion-de-brianna-una-cronologia-marcada-por-la-incertidumbre-y-las-fallas-9605954.html\"><b>Brianna Genao<\/b><\/a>, junto a su padre\u00a0<b>Carlos Manuel Genao (Adonis)<\/b>.<\/p>\n<p>La manifestaci\u00f3n reuni\u00f3 a vecinos, amigos y organizaciones comunitarias que reclaman a las autoridades<b>\u00a0mayor claridad en el caso y respuestas concretas sobre el paradero de la menor<\/b>, desaparecida el 31 de diciembre de 2025.<\/p>\n<p><iframe loading=\"lazy\" src=\"https:\/\/www.dailymotion.com\/embed\/video\/x9y0ld6\" width=\"480\" height=\"270\" allowfullscreen=\"allowfullscreen\" data-mce-fragment=\"1\"><\/iframe><\/p>\n<p>La caminata, que parti\u00f3 desde el\u00a0cruce Barrero, municipio Villa Bison\u00f3 (Navarrete) y llegar\u00e1 hasta el parque Rosa Duarte centro urbano Navarrete.<\/p>\n<section id=\"newsletter\">\n<header class=\"newsletter__header\"><\/header>\n<p class=\"newsletter__disclaimer\">Los participantes portaban pancartas y consignas que exig\u00edan justicia, mientras denunciaban la falta de informaciones oficiales sobre el proceso de b\u00fasqueda.<\/p>\n<\/section>\n<p>Con esta acci\u00f3n, la comunidad de\u00a0<strong>Navarrete<\/strong>\u00a0busca mantener viva la exigencia de que se esclarezca el caso y se garantice la protecci\u00f3n de la ni\u00f1ez. Cada paso dado en la marcha refleja tanto el dolor compartido como la esperanza de que la verdad salga a la luz.<\/p>\n<h2><b>No me han dado informaci\u00f3n\u00a0<\/b><\/h2>\n<p>El padre de la ni\u00f1a desaparecida,\u00a0<b>Carlos Manuel Genao (Adonis)<\/b>, expres\u00f3 su frustraci\u00f3n ante la falta de avances en el caso.<\/p>\n<p>Se\u00f1al\u00f3 que, pese a la b\u00fasqueda que mantienen las autoridades, hasta el momento no le han ofrecido\u00a0<b>informaciones concretas<\/b>\u00a0sobre el paradero de su hija, lo que aumenta la incertidumbre y el dolor de la familia.<\/p>\n<p>Su denuncia se suma al reclamo de la comunidad de\u00a0<b>Barrero, Navarrete<\/b>, que exige respuestas claras y acciones m\u00e1s efectivas para esclarecer la desaparici\u00f3n de\u00a0<b>Brianna Genao<\/b>.<\/p>\n<div class=\"gallery\">\n<figure class=\"gallery-item\"><img sizes=\"(max-width: 360px) 320px, 700px\" srcset=\"https:\/\/media.acento.com.do\/media\/storage02\/uploads\/2026\/01\/Marcha-en-Navarrete-por-desaparicion-de-Brianna-Genao-4-360x157.webp 360w, https:\/\/media.acento.com.do\/media\/storage02\/uploads\/2026\/01\/Marcha-en-Navarrete-por-desaparicion-de-Brianna-Genao-4-728x318.webp 728w\" alt=\"\" \/><figcaption class=\"gallery-caption\">1 de 10\u00a0|<\/figcaption><\/figure>\n<figure class=\"gallery-item\"><img sizes=\"(max-width: 360px) 320px, 700px\" srcset=\"https:\/\/media.acento.com.do\/media\/storage02\/uploads\/2026\/01\/Marcha-en-Navarrete-por-desaparicion-de-Brianna-Genao-3-360x157.webp 360w, https:\/\/media.acento.com.do\/media\/storage02\/uploads\/2026\/01\/Marcha-en-Navarrete-por-desaparicion-de-Brianna-Genao-3-728x318.webp 728w\" alt=\"\" \/><figcaption class=\"gallery-caption\">2 de 10\u00a0|<\/figcaption><\/figure>\n<figure class=\"gallery-item\"><img sizes=\"(max-width: 360px) 320px, 700px\" srcset=\"https:\/\/media.acento.com.do\/media\/storage02\/uploads\/2026\/01\/Marcha-en-Navarrete-por-desaparicion-de-Brianna-Genao-2-360x157.webp 360w, https:\/\/media.acento.com.do\/media\/storage02\/uploads\/2026\/01\/Marcha-en-Navarrete-por-desaparicion-de-Brianna-Genao-2-728x318.webp 728w\" alt=\"\" \/><figcaption class=\"gallery-caption\">3 de 10\u00a0| En el centro, el padre de Brianna, Carlos Manuel Genao (Adonis).<\/figcaption><\/figure>\n<figure class=\"gallery-item\"><img sizes=\"(max-width: 360px) 320px, 700px\" srcset=\"https:\/\/media.acento.com.do\/media\/storage02\/uploads\/2026\/01\/Marcha-en-Navarrete-por-desaparicion-de-Brianna-Genao-1-360x157.webp 360w, https:\/\/media.acento.com.do\/media\/storage02\/uploads\/2026\/01\/Marcha-en-Navarrete-por-desaparicion-de-Brianna-Genao-1-728x318.webp 728w\" alt=\"\" \/><figcaption class=\"gallery-caption\">4 de 10\u00a0|<\/figcaption><\/figure>\n<figure class=\"gallery-item\"><img sizes=\"(max-width: 360px) 320px, 700px\" srcset=\"https:\/\/media.acento.com.do\/media\/storage02\/uploads\/2026\/01\/Navarrete-marcha-por-Brianna-comunidad-exige-respuestas-mientras-continua-la-busqueda-de-la-menor-5-360x270.webp 360w, https:\/\/media.acento.com.do\/media\/storage02\/uploads\/2026\/01\/Navarrete-marcha-por-Brianna-comunidad-exige-respuestas-mientras-continua-la-busqueda-de-la-menor-5-728x546.webp 728w\" alt=\"\" \/><figcaption class=\"gallery-caption\">5 de 10\u00a0|<\/figcaption><\/figure>\n<figure class=\"gallery-item\"><img sizes=\"(max-width: 360px) 320px, 700px\" srcset=\"https:\/\/media.acento.com.do\/media\/storage02\/uploads\/2026\/01\/Navarrete-marcha-por-Brianna-comunidad-exige-respuestas-mientras-continua-la-busqueda-de-la-menor-4-360x240.webp 360w, https:\/\/media.acento.com.do\/media\/storage02\/uploads\/2026\/01\/Navarrete-marcha-por-Brianna-comunidad-exige-respuestas-mientras-continua-la-busqueda-de-la-menor-4-728x485.webp 728w\" alt=\"\" \/><figcaption class=\"gallery-caption\">6 de 10\u00a0|<\/figcaption><\/figure>\n<figure class=\"gallery-item\"><img sizes=\"(max-width: 360px) 320px, 700px\" srcset=\"https:\/\/media.acento.com.do\/media\/storage02\/uploads\/2026\/01\/Navarrete-marcha-por-Brianna-comunidad-exige-respuestas-mientras-continua-la-busqueda-de-la-menor-3-270x360.webp 360w, https:\/\/media.acento.com.do\/media\/storage02\/uploads\/2026\/01\/Navarrete-marcha-por-Brianna-comunidad-exige-respuestas-mientras-continua-la-busqueda-de-la-menor-3-546x728.webp 728w\" alt=\"\" \/><figcaption class=\"gallery-caption\">7 de 10\u00a0|<\/figcaption><\/figure>\n<figure class=\"gallery-item\"><img sizes=\"(max-width: 360px) 320px, 700px\" srcset=\"https:\/\/media.acento.com.do\/media\/storage02\/uploads\/2026\/01\/Navarrete-marcha-por-Brianna-comunidad-exige-respuestas-mientras-continua-la-busqueda-de-la-menor-2-360x240.webp 360w, https:\/\/media.acento.com.do\/media\/storage02\/uploads\/2026\/01\/Navarrete-marcha-por-Brianna-comunidad-exige-respuestas-mientras-continua-la-busqueda-de-la-menor-2-728x485.webp 728w\" alt=\"\" \/><figcaption class=\"gallery-caption\">8 de 10\u00a0|<\/figcaption><\/figure>\n<figure class=\"gallery-item\"><img sizes=\"(max-width: 360px) 320px, 700px\" srcset=\"https:\/\/media.acento.com.do\/media\/storage02\/uploads\/2026\/01\/Navarrete-marcha-por-Brianna-comunidad-exige-respuestas-mientras-continua-la-busqueda-de-la-menor-1-360x270.webp 360w, https:\/\/media.acento.com.do\/media\/storage02\/uploads\/2026\/01\/Navarrete-marcha-por-Brianna-comunidad-exige-respuestas-mientras-continua-la-busqueda-de-la-menor-1-728x546.webp 728w\" alt=\"\" \/><figcaption class=\"gallery-caption\">9 de 10\u00a0|<\/figcaption><\/figure>\n<figure class=\"gallery-item\"><img sizes=\"(max-width: 360px) 320px, 700px\" srcset=\"https:\/\/media.acento.com.do\/media\/storage02\/uploads\/2026\/01\/Navarrete-marcha-por-Brianna-comunidad-exige-respuestas-mientras-continua-la-busqueda-de-la-menor-360x270.webp 360w, https:\/\/media.acento.com.do\/media\/storage02\/uploads\/2026\/01\/Navarrete-marcha-por-Brianna-comunidad-exige-respuestas-mientras-continua-la-busqueda-de-la-menor-728x546.webp 728w\" alt=\"\" \/><figcaption class=\"gallery-caption\">10 de 10\u00a0|<\/figcaption><\/figure>\n<\/div>\n<p>&nbsp;<\/p>\n<div class=\"related-news\">\n<p>MIRA TAMBI\u00c9N<\/p>\n<\/div>\n<p>Impactos: 21<\/p>","protected":false},"excerpt":{"rendered":"<p>Por\u00a0M\u00e1ximo Laureano Este domingo, la comunidad de\u00a0Barrero, Navarrete\u00a0se moviliza en una caminata encabezada por la familia de la ni\u00f1a\u00a0desaparecida\u00a0Brianna Genao, junto a su padre\u00a0Carlos<\/p>\n","protected":false},"author":3,"featured_media":24994,"comment_status":"closed","ping_status":"closed","sticky":false,"template":"","format":"standard","meta":[],"categories":[3],"tags":[],"_links":{"self":[{"href":"https:\/\/hormigaradio.com\/index.php?rest_route=\/wp\/v2\/posts\/24993"}],"collection":[{"href":"https:\/\/hormigaradio.com\/index.php?rest_route=\/wp\/v2\/posts"}],"about":[{"href":"https:\/\/hormigaradio.com\/index.php?rest_route=\/wp\/v2\/types\/post"}],"author":[{"embeddable":true,"href":"https:\/\/hormigaradio.com\/index.php?rest_route=\/wp\/v2\/users\/3"}],"replies":[{"embeddable":true,"href":"https:\/\/hormigaradio.com\/index.php?rest_route=%2Fwp%2Fv2%2Fcomments&post=24993"}],"version-history":[{"count":1,"href":"https:\/\/hormigaradio.com\/index.php?rest_route=\/wp\/v2\/posts\/24993\/revisions"}],"predecessor-version":[{"id":24995,"href":"https:\/\/hormigaradio.com\/index.php?rest_route=\/wp\/v2\/posts\/24993\/revisions\/24995"}],"wp:featuredmedia":[{"embeddable":true,"href":"https:\/\/hormigaradio.com\/index.php?rest_route=\/wp\/v2\/media\/24994"}],"wp:attachment":[{"href":"https:\/\/hormigaradio.com\/index.php?rest_route=%2Fwp%2Fv2%2Fmedia&parent=24993"}],"wp:term":[{"taxonomy":"category","embeddable":true,"href":"https:\/\/hormigaradio.com\/index.php?rest_route=%2Fwp%2Fv2%2Fcategories&post=24993"},{"taxonomy":"post_tag","embeddable":true,"href":"https:\/\/hormigaradio.com\/index.php?rest_route=%2Fwp%2Fv2%2Ftags&post=24993"}],"curies":[{"name":"wp","href":"https:\/\/api.w.org\/{rel}","templated":true}]}}