{"id":24998,"date":"2026-01-19T01:49:42","date_gmt":"2026-01-19T01:49:42","guid":{"rendered":"https:\/\/hormigaradio.com\/?p=24998"},"modified":"2026-01-19T01:49:42","modified_gmt":"2026-01-19T01:49:42","slug":"al-menos-21-muertos-por-el-accidente-de-dos-trenes-de-alta-velocidad-en-adamuz-cordoba","status":"publish","type":"post","link":"https:\/\/hormigaradio.com\/?p=24998","title":{"rendered":"AL MENOS 21 MUERTOS POR EL ACCIDENTE DE DOS TRENES DE ALTA VELOCIDAD EN ADAMUZ (C\u00d3RDOBA)"},"content":{"rendered":"<p class=\"\"><img loading=\"lazy\" class=\"size-medium wp-image-24999 alignleft\" src=\"http:\/\/hormigaradio.com\/wp-content\/uploads\/2026\/01\/trenn-300x164.jpg\" alt=\"\" width=\"300\" height=\"164\" srcset=\"https:\/\/hormigaradio.com\/wp-content\/uploads\/2026\/01\/trenn-300x164.jpg 300w, https:\/\/hormigaradio.com\/wp-content\/uploads\/2026\/01\/trenn.jpg 303w\" sizes=\"(max-width: 300px) 100vw, 300px\" \/><\/p>\n<p class=\"\">Fuente: elpais.com<\/p>\n<p class=\"\">El descarrilamiento de dos trenes de alta velocidad en Adamuz (C\u00f3rdoba) en la tarde de este domingo ha causado al menos 21 v\u00edctimas mortales y 30 heridos graves que ya han sido trasladados a hospitales, seg\u00fan fuentes de Guardia Civil <a title=\"https:\/\/x.com\/E112Andalucia\/status\/2012995217981415467?s=20\" href=\"https:\/\/x.com\/E112Andalucia\/status\/2012995217981415467?s=20\" target=\"_self\" rel=\"noopener\" data-link-track-dtm=\"\">y del 112 andaluz<\/a>. Un tren Iryo que sal\u00eda de M\u00e1laga con destino a Madrid se ha salido del carril pasadas las siete y media de la noche y ha ca\u00eddo en la v\u00eda donde circulaba un Alvia a 200 kil\u00f3metros por hora que viajaba en sentido contrario con direcci\u00f3n Huelva. Uno de los fallecidos ha sido el maquinista de este segundo convoy. En total, los pasajeros afectados han sido 484 que viajaban entre ambos trenes y, por el momento, se desconocen las razones del descarrilamiento. El ministro de Transportes, \u00d3scar Puente, ha comparecido pasada la media noche y ha vaticinado que puede haber m\u00e1s v\u00edctimas mortales, si bien no ha querido especular con el n\u00famero. Puente ha se\u00f1alado que el estado de la v\u00eda era bueno, que se hab\u00eda renovado en mayo, por lo que ha calificado el accidente como \u201ctremendamente extra\u00f1o\u201d. La Junta de Andaluc\u00eda ha solicitado la intervenci\u00f3n de la UME para ayudar en las tareas de rescate y fuentes de la Delegaci\u00f3n del Gobierno han confirmado que el contingente del Ej\u00e9rcito ya se est\u00e1 dirigiendo a la zona.<\/p>\n<p class=\"\">El tren de la empresa Iryo hab\u00eda salido a las 18.40 de M\u00e1laga con destino Puerta de Atocha (Madrid), cuando a las 19.39 a la altura de Adamuz se ha producido el descarrilamiento. En concreto, los \u00faltimos vagones (del seis al ocho) se han salido y se han cruzado en las v\u00edas del Alvia (Madrid-Huelva) que en ese momento viajaba a 200 kil\u00f3metros por hora de forma paralela. El Iryo ha provocado entonces que el Alvia se saliera de la v\u00eda y cayera por un terrapl\u00e9n de unos cinco o seis metros de altura, seg\u00fan han especificado fuentes oficiales. En los vagones que se han precipitado viajaban unas 53 personas. El Iryo no iba a tanta velocidad, aunque no se ha precisado a\u00fan a cu\u00e1nta, por lo que ha podido frenar poco despu\u00e9s del accidente. El maquinista fallecido, que es el que ha recibido el choque frontal, ten\u00eda 27 a\u00f1os. Fuentes de la investigaci\u00f3n informan de que todos los heridos graves (30 en total de los que cinco est\u00e1n muy graves) han sido ya desplazados a los hospitales movilizados.<\/p>\n<figure class=\"a_m\">\n<div class=\"videoTop videoTop-v\">\n<div id=\"video_2026011914129219\" class=\" core_player_container \">\n<div id=\"player_alfa_inner\" class=\"core_inner\">\n<div class=\"core_cover_container\">\n<div id=\"alfa_player_image_cover\" class=\"core_cover\"><\/div>\n<div class=\"core_cover\">\n<div id=\"ph_video_2026011914129219\" class=\"videoTop videoTop-ph\">\n<div class=\"posicionador\" role=\"button\" aria-label=\"Reproducir v\u00eddeo\" data-link-track-dtm=\"\"><img loading=\"lazy\" class=\"_re lazyload a_m-h alignright\" src=\"https:\/\/imagenes.elpais.com\/resizer\/v2\/3Z4FROLKURH2FERQMR3TJJNW5M.JPG?auth=20b1f430a747c23f486549f930bfe853ff3c74e667782e6c5de3bf9663480180&amp;width=414&amp;height=233&amp;smart=true\" sizes=\"(min-width:1199px) 661px, (min-width: 1001px) calc((100vw - 385px)\/12*7 + 186px), (min-width:767px) 767px, 100vw\" srcset=\"https:\/\/imagenes.elpais.com\/resizer\/v2\/3Z4FROLKURH2FERQMR3TJJNW5M.JPG?auth=20b1f430a747c23f486549f930bfe853ff3c74e667782e6c5de3bf9663480180&amp;width=414&amp;height=233&amp;smart=true 414w,https:\/\/imagenes.elpais.com\/resizer\/v2\/3Z4FROLKURH2FERQMR3TJJNW5M.JPG?auth=20b1f430a747c23f486549f930bfe853ff3c74e667782e6c5de3bf9663480180&amp;width=828&amp;height=466&amp;smart=true 640w,https:\/\/imagenes.elpais.com\/resizer\/v2\/3Z4FROLKURH2FERQMR3TJJNW5M.JPG?auth=20b1f430a747c23f486549f930bfe853ff3c74e667782e6c5de3bf9663480180&amp;width=980&amp;height=551&amp;smart=true 1000w,https:\/\/imagenes.elpais.com\/resizer\/v2\/3Z4FROLKURH2FERQMR3TJJNW5M.JPG?auth=20b1f430a747c23f486549f930bfe853ff3c74e667782e6c5de3bf9663480180&amp;width=1200&amp;height=675&amp;smart=true 1200w\" width=\"414\" height=\"233\" \/><\/p>\n<div class=\"_pa _df ph-v_b ph-v_b-lg\">\n<div class=\"_df ph-v_c\"><\/div>\n<\/div>\n<\/div>\n<\/div>\n<\/div>\n<\/div>\n<\/div>\n<\/div>\n<\/div><figcaption class=\"a_m_p\"><\/figcaption><\/figure>\n<p class=\"\">Poco tiempo despu\u00e9s del accidente, el ministro Puente se desplaz\u00f3 hacia el centro de emergencias de Renfe H-24 en la estaci\u00f3n madrile\u00f1a de Atocha para seguir los acontecimientos. Pasadas las 00.30 de la noche compareci\u00f3 en una rueda de prensa para explicar que todas las personas atrapadas han sido rescatadas y trasladadas a seis hospitales andaluces, y ha anunciado la creaci\u00f3n de una comisi\u00f3n de investigaci\u00f3n independiente, como establece la ley, para esclarecer las circunstancias de lo sucedido. El responsable de la cartera ha mostrado su extra\u00f1eza por que el tren Iryo se saliera del carril para impactar contra el Alvia donde se han producido, fundamentalmente, la mayor parte de las v\u00edctimas mortales. \u201cEl tren Iryo es pr\u00e1cticamente nuevo y tambi\u00e9n es una v\u00eda renovada. En concreto, en este tramo concluyeron los trabajos de sustituci\u00f3n en mayo. El accidente es tremendamente extra\u00f1o, es en l\u00ednea recta. Todos los expertos que hemos podido consultar est\u00e1n tremendamente extra\u00f1ados\u201d, ha insistido.<\/p>\n<p class=\"\">El alcalde de Adamuz, Rafael Moreno (PSOE), ha sido el primero llegar al lugar del accidente junto a la Polic\u00eda Local y ha podido ver al menos un cad\u00e1ver seccionado a varios metros del punto del accidente. \u201cHe visto a un pasajero hecho un trapo. Hemos llegado los primeros y hab\u00eda un cuerpo cortado por la mitad. Pero no hab\u00eda luz, era de noche. El escenario es dantesco\u201d, ha descrito el regidor en conversaci\u00f3n con EL PA\u00cdS.<\/p>\n<p class=\"\">En un comunicado oficial la empresa Iryo ha se\u00f1alado que lamentaba \u201cprofundamente lo ocurrido\u201d y que hab\u00eda activado \u201ctodos sus protocolos de emergencia\u201d. Los pasajeros de ambos trenes han tenido que ser desalojados, seg\u00fan ha informado Adif, y la circulaci\u00f3n fue suspendida en la l\u00ednea de alta velocidad entre Madrid y Andaluc\u00eda a causa de este incidente. El ministro ha apuntado que las incidencias en el tr\u00e1fico de trenes pueden durar semanas. Por el momento, el administrador ferroviario ha confirmado igualmente que la circulaci\u00f3n entre la capital y C\u00f3rdoba, Sevilla, M\u00e1laga y Huelva seguir\u00e1 suspendida todo este lunes.<\/p>\n<p class=\"\">Por su parte, Renfe tambi\u00e9n ha emitido un comunicado pasadas las 23:30 de la noche en el que se\u00f1alaba que el presidente, \u00c1lvaro Fern\u00e1ndez Heredia, se encuentra viajando hacia la zona del accidente. En las estaciones afectadas, se han instalado puntos de informaci\u00f3n para los familiares y se ha habilitado un grupo de Asistencia Psicol\u00f3gica en Madrid, C\u00f3rdoba, Huelva y Sevilla para atender tanto a las v\u00edctimas como a los familiares. La informaci\u00f3n a los allegados de las personas afectadas por el accidente se est\u00e1 canalizando a trav\u00e9s del n\u00famero tel\u00e9fono 900 101020.<\/p>\n<p class=\"\">\u201cHay muchos heridos, sigo temblando\u201d, ha relatado Mar\u00eda San Jos\u00e9, de 33 a\u00f1os, pasajera del vag\u00f3n n\u00famero seis del tren que iba desde M\u00e1laga a Madrid despu\u00e9s de visitar a una amiga. Los vagones 7 y 8 han colapsado con la cabecera del otro tren. San Jos\u00e9 ha contado a este peri\u00f3dico que de repente han empezado a notar vibraciones: \u201cY muchos golpes, golpes, se han empezado a caer las maletas, y golpes hasta que el tren se ha frenado\u201d, explica San Jos\u00e9. \u201cPens\u00e1bamos que hab\u00eda sido un descarrilamiento, pero cuando hemos salido hemos visto los vagones retorcidos y dos vagones del otro tren volcados\u201d, ha agregado. A las 22.40 horas de esta noche se encuentra junto a otras decenas de pasajeros esperando a un autob\u00fas a unos seis kil\u00f3metros de Adamuz, en mitad de la nada. \u201cNo sabemos nada, no entendemos todav\u00eda lo que ha pasado ni cu\u00e1ntos muertos puede haber\u201d, ha dicho.<b>\u00a0Informa Elena Reina.<\/b><\/p>\n<div id=\"sum_twitter\" class=\"a_em _df\" data-oembed-type=\"twitter\">\n<div class=\"twitter-tweet twitter-tweet-rendered\"><iframe id=\"twitter-widget-0\" class=\"\" title=\"X Post\" src=\"https:\/\/platform.twitter.com\/embed\/Tweet.html?dnt=false&amp;embedId=twitter-widget-0&amp;features=eyJ0ZndfdGltZWxpbmVfbGlzdCI6eyJidWNrZXQiOltdLCJ2ZXJzaW9uIjpudWxsfSwidGZ3X2ZvbGxvd2VyX2NvdW50X3N1bnNldCI6eyJidWNrZXQiOnRydWUsInZlcnNpb24iOm51bGx9LCJ0ZndfdHdlZXRfZWRpdF9iYWNrZW5kIjp7ImJ1Y2tldCI6Im9uIiwidmVyc2lvbiI6bnVsbH0sInRmd19yZWZzcmNfc2Vzc2lvbiI6eyJidWNrZXQiOiJvbiIsInZlcnNpb24iOm51bGx9LCJ0ZndfZm9zbnJfc29mdF9pbnRlcnZlbnRpb25zX2VuYWJsZWQiOnsiYnVja2V0Ijoib24iLCJ2ZXJzaW9uIjpudWxsfSwidGZ3X21peGVkX21lZGlhXzE1ODk3Ijp7ImJ1Y2tldCI6InRyZWF0bWVudCIsInZlcnNpb24iOm51bGx9LCJ0ZndfZXhwZXJpbWVudHNfY29va2llX2V4cGlyYXRpb24iOnsiYnVja2V0IjoxMjA5NjAwLCJ2ZXJzaW9uIjpudWxsfSwidGZ3X3Nob3dfYmlyZHdhdGNoX3Bpdm90c19lbmFibGVkIjp7ImJ1Y2tldCI6Im9uIiwidmVyc2lvbiI6bnVsbH0sInRmd19kdXBsaWNhdGVfc2NyaWJlc190b19zZXR0aW5ncyI6eyJidWNrZXQiOiJvbiIsInZlcnNpb24iOm51bGx9LCJ0ZndfdXNlX3Byb2ZpbGVfaW1hZ2Vfc2hhcGVfZW5hYmxlZCI6eyJidWNrZXQiOiJvbiIsInZlcnNpb24iOm51bGx9LCJ0ZndfdmlkZW9faGxzX2R5bmFtaWNfbWFuaWZlc3RzXzE1MDgyIjp7ImJ1Y2tldCI6InRydWVfYml0cmF0ZSIsInZlcnNpb24iOm51bGx9LCJ0ZndfbGVnYWN5X3RpbWVsaW5lX3N1bnNldCI6eyJidWNrZXQiOnRydWUsInZlcnNpb24iOm51bGx9LCJ0ZndfdHdlZXRfZWRpdF9mcm9udGVuZCI6eyJidWNrZXQiOiJvbiIsInZlcnNpb24iOm51bGx9fQ%3D%3D&amp;frame=false&amp;hideCard=false&amp;hideThread=false&amp;id=2012966476051775968&amp;lang=es&amp;origin=https%3A%2F%2Felpais.com%2Fespana%2F2026-01-18%2Frenfe-suspende-el-servicio-entre-madrid-y-andalucia-tras-el-descarrilamiento-de-dos-trenes-en-cordoba.html&amp;sessionId=229ba556ff52be580fdcc4d5619171f3d9e0fb8e&amp;siteScreenName=el_pais&amp;theme=light&amp;widgetsVersion=2615f7e52b7e0%3A1702314776716&amp;width=550px\" frameborder=\"0\" scrolling=\"no\" allowfullscreen=\"allowfullscreen\" data-tweet-id=\"2012966476051775968\" data-mce-fragment=\"1\"><\/iframe><\/div>\n<\/div>\n<p class=\"\">El 112 andaluz ha detallado el env\u00edo de seis UVIs m\u00f3viles del 061, dos UVIs de transporte de cr\u00edticos, dos veh\u00edculos de apoyo log\u00edstico, tres ambulancias convencionales, cinco ambulancias de transporte programado y dos ambulancias de Cruz Roja. En marcha hacia la zona va ya una secci\u00f3n de intervenci\u00f3n de la UME compuesta por 37 militares y 15 veh\u00edculos que han salido de Mor\u00f3n de la Frontera. El Gobierno de Andaluc\u00eda ha suspendido todos los actos oficiales.<\/p>\n<p class=\"\">El director de jefe de Bomberos de Consorcio C\u00f3rdoba, Paco Carmona, ha explicado en TVE que est\u00e1n rescatando a personas con heridas de todo tipo \u201ccortes, magulladuras, contusiones, fracturas abiertas&#8230;\u201d y ha relatado que est\u00e1 siendo dif\u00edcil el acceso a los vagones afectados porque est\u00e1n \u201cretorcidos\u201d y hay \u201camasijos de hierro\u201d, sillones y todo tipo de obst\u00e1culos que dificultan la llegada a las v\u00edctimas. \u201cTenemos dos trenes a unos 800 metros uno de otros y ya hemos terminado de sacar las personas fallecidas y heridas\u201d, ha a\u00f1adido en referencia al tren Iryo.<\/p>\n<p class=\"\">Un periodista de RTVE que iba en uno de los trenes, Salvador Jim\u00e9nez, ha contado tambi\u00e9n c\u00f3mo un fuerte impacto que pareci\u00f3 un \u201cterremoto\u201d estremeci\u00f3 al vag\u00f3n. A partir de ese momento, cogieron los martillos para poder abrir puertas y ventanas y comenzaron a salir del convoy. El periodista ha descrito en una entrevista en la televisi\u00f3n que han sido horas de \u201cmucha incertidumbre\u201d y que, en este momento, permanecen a la espera de saber c\u00f3mo van a ser trasladados en los autocares.<\/p>\n<p class=\"\">El presidente del Gobierno, Pedro S\u00e1nchez, ha informado en su cuenta de X que el Gobierno \u201cest\u00e1 trabajando con el resto de autoridades competentes y los servicios de emergencia para auxiliar a los pasajeros\u201d y en un segundo mensaje cerca de la una de la madrugada ha expresado sus condolencias a las familias de las v\u00edctimas: \u201cHoy es una noche de profundo dolor para nuestro pa\u00eds por el tr\u00e1gico accidente ferroviario en Adamuz\u201d.<\/p>\n<p class=\"\">Por su parte, el presidente de la Junta de Andaluc\u00eda, Juanma Moreno, ha anunciado tambi\u00e9n que viaja ya a la zona para \u201cestar al lado de los operativos desplegados para atender a las v\u00edctimas\u201d\u00a0<a title=\"https:\/\/x.com\/JuanMa_Moreno\/status\/2012981368167309314?s=20\" href=\"https:\/\/x.com\/JuanMa_Moreno\/status\/2012981368167309314?s=20\" target=\"_self\" rel=\"noopener\" data-link-track-dtm=\"\">y ha informado de que han enviado<\/a>\u00a0\u201cservicios de emergencia y apoyo log\u00edstico a la zona para ayudar en todo lo que sea necesario\u201d. El ministro Puente ha hablado por tel\u00e9fono con \u00e9l en \u201cun clima de m\u00e1xima colaboraci\u00f3n\u201d, indican fuentes de Transportes. Tambi\u00e9n, el l\u00edder del PP, Alberto N\u00fa\u00f1ez-Feij\u00f3o, ha informado de una conversaci\u00f3n telef\u00f3nica con Moreno para \u201ctransmitirle nuestra solidaridad\u201d. \u201cTodo el \u00e1nimo a los afectados y a sus familias en estos momentos de angustia\u201d,\u00a0<a title=\"https:\/\/x.com\/nunezfeijoo\/status\/2012992007828828502?s=48&amp;t=ORHFp-W_XbQ1u2IqrKvJuA\" href=\"https:\/\/x.com\/nunezfeijoo\/status\/2012992007828828502?s=48&amp;t=ORHFp-W_XbQ1u2IqrKvJuA\" target=\"_self\" rel=\"noopener\" data-link-track-dtm=\"\">ha indicado en X.\u00a0<\/a>Feij\u00f3o ha pedido a S\u00e1nchez que suspenda la reuni\u00f3n que ten\u00edan este lunes por la tarde en La Moncloa para hablar sobre asuntos de pol\u00edtica exterior y el presidente del Gobierno ha accedido a la petici\u00f3n ante la gravedad del accidente.<\/p>\n<p class=\"\">La Casa Real ha trasladado su p\u00e9same \u201ca los familiares y allegados de los fallecidos\u201d y ha asegurado que siguen \u201ccon preocupaci\u00f3n\u201d el grave accidente. \u201cNuestro cari\u00f1o y deseos de una pronta recuperaci\u00f3n a los heridos\u201d,\u00a0<a title=\"https:\/\/x.com\/CasaReal\/status\/2013007645448224841?s=20\" href=\"https:\/\/x.com\/CasaReal\/status\/2013007645448224841?s=20\" target=\"_self\" rel=\"noopener\" data-link-track-dtm=\"\">han expresado en X.<\/a><\/p>\n<h3 class=\"\">Adamuz instala un hospital de campa\u00f1a<\/h3>\n<p class=\"\">La subdelegada del Gobierno en Huelva, Mar\u00eda Jos\u00e9 Rico, se ha desplazado hasta la estaci\u00f3n de trenes de Huelva para atender a las familias de pasajeros que iban en el Alvia que hab\u00eda salido de atocha con destino a la capital onubense. \u201cEstamos aqu\u00ed reunidos con familiares que est\u00e1n preocupados porque no tienen forma de contactar con las personas que vienen en el tren\u201d, ha incidido. Muchos de ellos no pueden contactar con sus familiares y est\u00e1n dando sus DNI y otra informaci\u00f3n de contacto de los pasajeros para facilitar las tareas de identificaci\u00f3n y localizaci\u00f3n por parte de las fuerzas y cuerpos de seguridad que trabajan sobre el terreno. Hasta la estaci\u00f3n tambi\u00e9n se ha desplazado la alcaldesa Huelva, Pilar Miranda.<\/p>\n<p class=\"\">La caseta municipal de Adamuz ha acogido un hospital de campa\u00f1a donde se est\u00e1n atendiendo a los heridos por el descarrilamiento. As\u00ed lo ha dado a conocer la concejal responsable de Protecci\u00f3n Civil, Mar\u00eda Bel\u00e9n Moya Rojas, en declaraciones a\u00a0<i>Canal Sur<\/i>, a la vez que ha comentado que los vecinos se est\u00e1n volcando llevando mantas y agua, aunque el descarrilamiento se ha producido \u201cen un punto de dif\u00edcil de acceso\u201d.<\/p>\n<p class=\"\">En la caseta no paran de entrar y salir ambulancias para llevarse a los afectados que se cruzan con los autobuses en los que embarcan quienes no precisan de atenci\u00f3n m\u00e9dica. Adem\u00e1s de los numerosos miembros de los cuerpos y fuerzas de seguridad y de Protecci\u00f3n Civil, y hasta la zona se han desplazado alrededor de medio millar de vecinos de los pueblos cercanos que han acercado mantas y otro material de primera necesidad para los afectados.\u00a0<b>Informa Paco Puentes.<\/b><\/p>\n<p class=\"\">Desde el Ayuntamiento se han coordinado autobuses para atender a todas la personas que tienen que desplazarse, mientras que para las personas que quieran desplazarse a C\u00f3rdoba se pondr\u00e1n autobuses a su disposici\u00f3n, seg\u00fan ha explicado.<\/p>\n<p>Impactos: 22<\/p>","protected":false},"excerpt":{"rendered":"<p>Fuente: elpais.com El descarrilamiento de dos trenes de alta velocidad en Adamuz (C\u00f3rdoba) en la tarde de este domingo ha causado al menos 21<\/p>\n","protected":false},"author":3,"featured_media":24999,"comment_status":"closed","ping_status":"closed","sticky":false,"template":"","format":"standard","meta":[],"categories":[22],"tags":[],"_links":{"self":[{"href":"https:\/\/hormigaradio.com\/index.php?rest_route=\/wp\/v2\/posts\/24998"}],"collection":[{"href":"https:\/\/hormigaradio.com\/index.php?rest_route=\/wp\/v2\/posts"}],"about":[{"href":"https:\/\/hormigaradio.com\/index.php?rest_route=\/wp\/v2\/types\/post"}],"author":[{"embeddable":true,"href":"https:\/\/hormigaradio.com\/index.php?rest_route=\/wp\/v2\/users\/3"}],"replies":[{"embeddable":true,"href":"https:\/\/hormigaradio.com\/index.php?rest_route=%2Fwp%2Fv2%2Fcomments&post=24998"}],"version-history":[{"count":1,"href":"https:\/\/hormigaradio.com\/index.php?rest_route=\/wp\/v2\/posts\/24998\/revisions"}],"predecessor-version":[{"id":25000,"href":"https:\/\/hormigaradio.com\/index.php?rest_route=\/wp\/v2\/posts\/24998\/revisions\/25000"}],"wp:featuredmedia":[{"embeddable":true,"href":"https:\/\/hormigaradio.com\/index.php?rest_route=\/wp\/v2\/media\/24999"}],"wp:attachment":[{"href":"https:\/\/hormigaradio.com\/index.php?rest_route=%2Fwp%2Fv2%2Fmedia&parent=24998"}],"wp:term":[{"taxonomy":"category","embeddable":true,"href":"https:\/\/hormigaradio.com\/index.php?rest_route=%2Fwp%2Fv2%2Fcategories&post=24998"},{"taxonomy":"post_tag","embeddable":true,"href":"https:\/\/hormigaradio.com\/index.php?rest_route=%2Fwp%2Fv2%2Ftags&post=24998"}],"curies":[{"name":"wp","href":"https:\/\/api.w.org\/{rel}","templated":true}]}}