{"id":250,"date":"2017-12-20T03:01:37","date_gmt":"2017-12-20T03:01:37","guid":{"rendered":"http:\/\/hormigaradio.com\/?p=250"},"modified":"2017-12-20T03:01:37","modified_gmt":"2017-12-20T03:01:37","slug":"edwin-amorfy-no-me-interesa-hacer-temas-de-otros-sino-los-mios-poner-mi-sello","status":"publish","type":"post","link":"https:\/\/hormigaradio.com\/?p=250","title":{"rendered":"Edwin Amorfy: \u201cNo me interesa hacer temas de otros, sino los m\u00edos, poner mi sello\u201d"},"content":{"rendered":"<p><span class=\"author\"><a href=\"https:\/\/acento.com.do\/author\/mlaureano\/\">M\u00e1ximo Laureano<\/a><\/span><\/p>\n<figure id=\"attachment_251\" aria-describedby=\"caption-attachment-251\" style=\"width: 500px\" class=\"wp-caption alignleft\"><a href=\"http:\/\/hormigaradio.com\/wp-content\/uploads\/2017\/12\/amorfy-positivo.jpg\"><img loading=\"lazy\" class=\"wp-image-251 size-full\" src=\"http:\/\/hormigaradio.com\/wp-content\/uploads\/2017\/12\/amorfy-positivo.jpg\" alt=\"\" width=\"500\" height=\"334\" srcset=\"https:\/\/hormigaradio.com\/wp-content\/uploads\/2017\/12\/amorfy-positivo.jpg 500w, https:\/\/hormigaradio.com\/wp-content\/uploads\/2017\/12\/amorfy-positivo-300x200.jpg 300w\" sizes=\"(max-width: 500px) 100vw, 500px\" \/><\/a><figcaption id=\"caption-attachment-251\" class=\"wp-caption-text\">Edwin Amorfy, cantautor y m\u00fasica de Santiago de los Caballeros.<\/figcaption><\/figure>\n<p class=\"m_4684597333655817297gmail-MsoNormal\"><span class=\"il\">SANTIAGO, Rep\u00fablica Dominicana.-Poner<\/span>\u00a0la mano a una guitarra en la iglesia cat\u00f3lica de El Embrujo III, sector donde se desarroll\u00f3, en Santiago de\u00a0<span class=\"il\">los<\/span>\u00a0Caballeros y descubrir el sonido de este instrumento, que le llam\u00f3 la atenci\u00f3n, despert\u00f3 en Edwin L\u00f3pez \u00a0Mart\u00ednez su deseo por la m\u00fasica.<\/p>\n<p class=\"m_4684597333655817297gmail-MsoNormal\">En esta iglesia tambi\u00e9n empez\u00f3 a cantar, all\u00ed tambi\u00e9n naci\u00f3 su nombre art\u00edstico, cuando le dijo a la presentadora del coro, que \u00e9l era Edwin Almonte, usando el segundo apellido de su madre, pero la joven entendi\u00f3 Edwin Amorfy.<\/p>\n<div class=\"the-content\">\n<p class=\"m_4684597333655817297gmail-MsoNormal\">De inmediato\u00a0 el artista naciente\u00a0 crey\u00f3 que este deb\u00eda ser su nombre para\u00a0 dedicarse a la m\u00fasica, esa m\u00fasica que lo ha llevado a cantar en el Festival de Fuego en Santiago de Cuba, esa m\u00fasica con ambiente tropical, que lo ha llevado recorrer muchos escenarios del pa\u00eds, con varios conciertos, con su propuesta alternativa, con la cual persigue la fusi\u00f3n de\u00a0<span class=\"il\">los<\/span>\u00a0ritmos caribe\u00f1os.<\/p>\n<p class=\"m_4684597333655817297gmail-MsoNormal\">\u201cDar a conocer, mis composiciones,\u00a0<span class=\"il\">mi<\/span>\u00a0m\u00fasica tropical y llegar tanto a j\u00f3venes como adultos, fusi\u00f3n en el caribe, un g\u00e9nero, con\u00a0<span class=\"il\">sello<\/span>\u00a0propio, el principal objetivo es la evoluci\u00f3n hac\u00edas nuevos sonoridades seg\u00fan actualidad y el tiempo\u201d, afirma el artista, mientras\u00a0 toca la guitarra. Amorfy promueve la idea de\u00a0<span class=\"il\">hacer<\/span>\u00a0nuevas cosas, ser un creativo en la m\u00fasica.<\/p>\n<p class=\"m_4684597333655817297gmail-MsoNormal\">En su propuesta musical, Amorfy, procura ser aut\u00e9ntico, lleva\u00a0<span class=\"il\">temas<\/span>\u00a0que mezclan el amor, con la cotidianidad\u00a0 y las realidades sociales,\u00a0 como es el caso de la canci\u00f3n \u201cYa le cont\u00e9\u201d, que es una descripci\u00f3n de la expresi\u00f3n de un sentimiento a una muchacha del barrio, del\u00a0 colmado (bodega).<\/p>\n<p class=\"m_4684597333655817297gmail-MsoNormal\"><b>\u201c<span class=\"il\">No<\/span>\u00a0<span class=\"il\">me<\/span>\u00a0<span class=\"il\">interesa<\/span>\u00a0<span class=\"il\">hacer<\/span>\u00a0<span class=\"il\">temas<\/span>\u00a0\u00a0<span class=\"il\">otros<\/span>,\u00a0<span class=\"il\">sino<\/span>\u00a0<span class=\"il\">los<\/span>\u00a0<span class=\"il\">m\u00edos<\/span>,\u00a0<span class=\"il\">poner<\/span>\u00a0<span class=\"il\">mi<\/span>\u00a0<span class=\"il\">sello<\/span>\u201d,\u00a0<\/b>predica el artista Edwin Amorfy, quien asegura que si le dan la oportunidad en un escenario, lo aprovecha para dar a conocer sus composiciones.<b><\/b><\/p>\n<p><img loading=\"lazy\" class=\"aligncenter size-large\" src=\"https:\/\/ssl.c.photoshelter.com\/img-get\/I00008jdvePpPjVE\/s\/500\/I00008jdvePpPjVE.jpg\" width=\"500\" height=\"334\" \/><\/p>\n<p class=\"m_4684597333655817297gmail-MsoNormal\"><b>El amor por la guitarra<\/b><\/p>\n<p class=\"m_4684597333655817297gmail-MsoNormal\">\u201cEmpec\u00e9 en Bella Artes, aqu\u00ed en Santiago, como\u00a0<span class=\"il\">no<\/span>\u00a0ten\u00eda que pagar por las clases,\u00a0<span class=\"il\">mi<\/span>hermano y yo solo tuvimos que conseguir una guitarra\u201d, afirma Amorfy.<\/p>\n<p class=\"m_4684597333655817297gmail-MsoNormal\">Edwin Amorfy cuenta que \u00e9l ten\u00eda una guitarra, que le hab\u00eda comprado su padre, pero necesitaban otra, entonces, hicieron una jugada en una banca de apuesta deportiva\u00a0 y cobraron RD$ 600.00 cada uno y con esto compraron el otro instrumento.<\/p>\n<p class=\"m_4684597333655817297gmail-MsoNormal\">Pero una vez en Bella Artes, las cosas,\u00a0<span class=\"il\">no<\/span>\u00a0fueron f\u00e1ciles para ellos, porque tuvieron diferencias con el profesor Ram\u00f3n, quien quer\u00eda que ellos\u00a0 se aprendieran la canci\u00f3n \u201cReloj\u201d, de la autor\u00eda de Roberto Cantoral, hecha popular por Luis Miguel, pero su meta era tocar \u201cEl muelle de San Blas\u201d \u00a0de la producci\u00f3n\u00a0 \u201cSue\u00f1os l\u00edquidos\u201d, \u00a0del grupo Man\u00e1.<\/p>\n<p class=\"m_4684597333655817297gmail-MsoNormal\">Ese tema de Man\u00e1, era su pasi\u00f3n, ya para 1997, lo tocaba, en un piano aficionado que ten\u00eda su hermana, seg\u00fan cont\u00f3 a\u00a0<a href=\"http:\/\/acento.com.do\/\" target=\"_blank\" rel=\"noopener\" data-saferedirecturl=\"https:\/\/www.google.com\/url?hl=es&amp;q=http:\/\/acento.com.do&amp;source=gmail&amp;ust=1513765817785000&amp;usg=AFQjCNER3wZLH9IGVBd5fXCeHjBNjO8ouw\">acento.com.do<\/a>.<\/p>\n<p class=\"m_4684597333655817297gmail-MsoNormal\">\u201c<span class=\"il\">No<\/span>\u00a0dec\u00edamos nada en la hora de clase, pero cuando sal\u00edamos de las aulas, coment\u00e1bamos que el profesor estaba desfasado, pero \u00e9l insist\u00eda y nos explic\u00f3 que cuando nos aprendi\u00e9ramos la canci\u00f3n \u201cReloj\u201d, podr\u00edamos tocar mil canciones m\u00e1s, porque hab\u00edan miles de canciones en ese tono\u201d,\u00a0 explic\u00f3 el artista.<\/p>\n<p class=\"m_4684597333655817297gmail-MsoNormal\"><b>Estudios y sue\u00f1os<\/b><\/p>\n<p class=\"m_4684597333655817297gmail-MsoNormal\">En 2003, Amorfy sali\u00f3 del bachillerato, ya tocaba la guitarra y ten\u00eda en mente, crecer como artista, pero prefiri\u00f3 ir al Instituto T\u00e9cnico Profesional (Infotep), para estudiar Inform\u00e1tica, luego pas\u00f3 a impartir docencia de esta \u00e1rea en otras instituciones y\u00a0 comenz\u00f3 a producir alg\u00fan dinero.<\/p>\n<p class=\"m_4684597333655817297gmail-MsoNormal\">Pero la pasi\u00f3n de Amorfy por la m\u00fasica,\u00a0<span class=\"il\">no<\/span>\u00a0lleg\u00f3 por casualidad, ya que su padre Fabi\u00e1n L\u00f3pez, toc\u00f3 acorde\u00f3n en agrupaciones de merengues t\u00edpicos, adem\u00e1s de ser compositor, algunos sus hermanos tocaban tambora. Amorfy es el n\u00famero 9 de 10 hermanos.<\/p>\n<p class=\"m_4684597333655817297gmail-MsoNormal\"><b>Camino profesional<\/b><\/p>\n<p class=\"m_4684597333655817297gmail-MsoNormal\">En 2005, Amorfy se aventur\u00f3 a crear\u00a0 el grupo Vieja Rueda y\u00a0 luego hizo Son de Verano, aqu\u00ed hac\u00eda el fuson, que se hab\u00eda puesto de moda, con el grupo Son Familia, de Chich\u00ed Peralta.<\/p>\n<p class=\"m_4684597333655817297gmail-MsoNormal\">En el Talent Festival, de la marca Coca Cola, particip\u00f3 con\u00a0 Son de Verano\u00a0 y present\u00f3 en disco sencillo \u201cNavidad para\u00a0<span class=\"il\">mi<\/span>\u00a0quisqueya\u201d, un tema con ritmo y\u00a0 colores del Caribe, dedicado a la temporada navide\u00f1a en la Rep\u00fablica Dominicana, es especial en su pueblo natal, Santiago de\u00a0<span class=\"il\">los<\/span>\u00a0Caballeros.<\/p>\n<p class=\"m_4684597333655817297gmail-MsoNormal\">Esta canci\u00f3n \u201cNavidad para\u00a0<span class=\"il\">mi<\/span>\u00a0Quisqueya\u201d,\u00a0 es parte de un cat\u00e1logo de unas 150 composiciones que ha hecho el artista santiaguero, se suman otras canciones que se pueden encontrar en las redes sociales, como \u201cHistoria del silencio\u201d, \u201c<span class=\"il\">No<\/span>\u00a0entiendo\u201d, \u201cYa le cont\u00e9\u201d, \u201cLa lluvia y yo\u201d, \u201cLa morena se fue\u201d, Esto\u00a0<span class=\"il\">no<\/span>\u00a0se cura ni con mentol\u201d y \u201cRumba, playa y arena\u201d, este \u00faltimo\u00a0 presentado en\u00a0 octubre del 2016, en\u00a0 el escenario de Las 37 por la tablas.<\/p>\n<p class=\"m_4684597333655817297gmail-MsoNormal\">\u201cSentimiento ac\u00fastico\u201d, balada pop, es de las pocas canciones\u00a0 de\u00a0 Amorfy\u00a0 que ha estado pautada en la radio, sin mucho \u00e9xito comercial, pero con la satisfacci\u00f3n de haber hecho una buena propuesta musical.<\/p>\n<p class=\"m_4684597333655817297gmail-MsoNormal\">Asegura que esta es la parte m\u00e1s dif\u00edcil\u00a0 de su carrera, aunque su meta es\u00a0<span class=\"il\">no<\/span>\u00a0amilanarse,\u00a0<span class=\"il\">sino<\/span>, seguir haciendo buena m\u00fasica, con est\u00e1ndares internacionales, porque el alg\u00fan momento este producto llega.<\/p>\n<p class=\"m_4684597333655817297gmail-MsoNormal\"><b>\u00a0<span class=\"il\">Otros<\/span>\u00a0pasos<\/b><\/p>\n<p class=\"m_4684597333655817297gmail-MsoNormal\">Entre 1999 -2000, form\u00f3 parte de varios grupos locales, rock, pop, balada y\u00a0<span class=\"il\">otros<\/span>. En 2004 graba su primer tema \u201cPasa en tiempo\u201d.<\/p>\n<p class=\"m_4684597333655817297gmail-MsoNormal\">Entre el 2006 y 2007 se arriesg\u00f3 como solista con su sencillo, \u201cSentimiento ac\u00fastico\u201d.<\/p>\n<p class=\"m_4684597333655817297gmail-MsoNormal\">En 2007, inicia sus inquietudes de aprender m\u00e1s en el habiente musical y experimenta con<span class=\"il\">otros<\/span>\u00a0g\u00e9neros como, samba, salsa, fuson, \u201cjazz, swing, bossa, blues,\u00a0 cha-cha-ch\u00e1,\u00a0 trova y<span class=\"il\">otros<\/span>.<\/p>\n<p class=\"m_4684597333655817297gmail-MsoNormal\">\u00a0El 15 de marzo 2008 hasta 2009,\u00a0 desarrollo, una intensa gira en escenarios locales, como Casa de Arte, \u00a0Las 37 Por las Tablas.<\/p>\n<p class=\"m_4684597333655817297gmail-MsoNormal\">Ha compuesto canciones para eventos especiales, una de esta canciones es \u00a0\u201cAhora si\u00a0<span class=\"il\">mi<\/span>pa\u00eds\u201d, de la cual hizo una versi\u00f3n para la presentaci\u00f3n Santiago 2020, del Concejo Estrat\u00e9gico para el Desarrollo de Santiago (CESD).<\/p>\n<p class=\"m_4684597333655817297gmail-MsoNormal\">Actualmente trabaja en su propio material para la producci\u00f3n \u201c<span class=\"il\">Los<\/span>\u00a0colores del Caribe, de la\u00a0 cual\u00a0 ya motiv\u00f3 el sencillo \u201cRumba playa y arena\u201d.<\/p>\n<p><iframe loading=\"lazy\" src=\"https:\/\/www.youtube.com\/embed\/udMexBcSyNg\" width=\"100%\" height=\"500\" frameborder=\"0\" allowfullscreen=\"allowfullscreen\" data-mce-fragment=\"1\"><\/iframe><\/p>\n<\/div>\n<p><!--more--><\/p>\n<div class=\"share-buttons-container\">\n<div class=\"share-button facebook-share-button\"><i class=\"social-icon fa fa-facebook\" aria-hidden=\"true\"><\/i>\u00a0<a class=\"fbShare socialShare\" href=\"https:\/\/www.facebook.com\/sharer\/sharer.php?u=https:\/\/acento.com.do\/2017\/cultura\/8519302-no-me-interesa-temas-otros-sino-los-mios-poner-sello\/\" data-image=\"https:\/\/acento.com.do\/wp-content\/uploads\/i0000zocn04cgyjpg-420x320.jpg\" data-title=\"\u201cNo\u00a0me\u00a0interesa\u00a0hacer\u00a0temas\u00a0de\u00a0otros,\u00a0sino\u00a0los\u00a0m\u00edos,\u00a0poner\u00a0mi\u00a0sello\u201d\" data-desc=\"post description\" data-pid=\"8519302\" data-snet=\"fb\" data-sname=\"Facebook\">Compartir en Facebook<\/a><\/div>\n<div class=\"share-button twitter-share-button\"><i class=\"social-icon fa fa-twitter\" aria-hidden=\"true\"><\/i>\u00a0<a class=\"twShare socialShare\" href=\"https:\/\/twitter.com\/home?status=%E2%80%9CNo%C2%A0me%C2%A0interesa%C2%A0hacer%C2%A0temas%C2%A0de%C2%A0otros%2C%C2%A0sino%C2%A0los%C2%A0m%C3%ADos%2C%C2%A0poner%C2%A0mi%C2%A0sello%E2%80%9D%20https:\/\/acento.com.do\/2017\/cultura\/8519302-no-me-interesa-temas-otros-sino-los-mios-poner-sello\/%20v%C3%ADa%20@acentodiario\" data-lang=\"es\" data-dnt=\"true\" data-pid=\"8519302\" data-snet=\"tw\" data-sname=\"Twitter\">Compartir en Twitter<\/a><\/div>\n<div class=\"share-button google-share-button\"><i class=\"social-icon fa fa-google-plus\" aria-hidden=\"true\"><\/i>\u00a0<a class=\"fbShare socialShare\" href=\"https:\/\/plus.google.com\/share?url=https:\/\/acento.com.do\/2017\/cultura\/8519302-no-me-interesa-temas-otros-sino-los-mios-poner-sello\/\" data-pid=\"8519302\" data-snet=\"gp\" data-sname=\"Google Plus\">Compartir en Google<\/a><\/div>\n<\/div>\n<p>&nbsp;<\/p>\n<p>Impactos: 364<\/p>","protected":false},"excerpt":{"rendered":"<p>M\u00e1ximo Laureano SANTIAGO, Rep\u00fablica Dominicana.-Poner\u00a0la mano a una guitarra en la iglesia cat\u00f3lica de El Embrujo III, sector donde se desarroll\u00f3, en Santiago de\u00a0los\u00a0Caballeros<\/p>\n","protected":false},"author":3,"featured_media":251,"comment_status":"open","ping_status":"closed","sticky":false,"template":"","format":"standard","meta":[],"categories":[4],"tags":[],"_links":{"self":[{"href":"https:\/\/hormigaradio.com\/index.php?rest_route=\/wp\/v2\/posts\/250"}],"collection":[{"href":"https:\/\/hormigaradio.com\/index.php?rest_route=\/wp\/v2\/posts"}],"about":[{"href":"https:\/\/hormigaradio.com\/index.php?rest_route=\/wp\/v2\/types\/post"}],"author":[{"embeddable":true,"href":"https:\/\/hormigaradio.com\/index.php?rest_route=\/wp\/v2\/users\/3"}],"replies":[{"embeddable":true,"href":"https:\/\/hormigaradio.com\/index.php?rest_route=%2Fwp%2Fv2%2Fcomments&post=250"}],"version-history":[{"count":1,"href":"https:\/\/hormigaradio.com\/index.php?rest_route=\/wp\/v2\/posts\/250\/revisions"}],"predecessor-version":[{"id":252,"href":"https:\/\/hormigaradio.com\/index.php?rest_route=\/wp\/v2\/posts\/250\/revisions\/252"}],"wp:featuredmedia":[{"embeddable":true,"href":"https:\/\/hormigaradio.com\/index.php?rest_route=\/wp\/v2\/media\/251"}],"wp:attachment":[{"href":"https:\/\/hormigaradio.com\/index.php?rest_route=%2Fwp%2Fv2%2Fmedia&parent=250"}],"wp:term":[{"taxonomy":"category","embeddable":true,"href":"https:\/\/hormigaradio.com\/index.php?rest_route=%2Fwp%2Fv2%2Fcategories&post=250"},{"taxonomy":"post_tag","embeddable":true,"href":"https:\/\/hormigaradio.com\/index.php?rest_route=%2Fwp%2Fv2%2Ftags&post=250"}],"curies":[{"name":"wp","href":"https:\/\/api.w.org\/{rel}","templated":true}]}}