{"id":25001,"date":"2026-01-19T01:53:00","date_gmt":"2026-01-19T01:53:00","guid":{"rendered":"https:\/\/hormigaradio.com\/?p=25001"},"modified":"2026-01-19T01:53:00","modified_gmt":"2026-01-19T01:53:00","slug":"puente-asegura-que-el-tren-era-moderno-la-via-estaba-renovada-y-el-siniestro-fue-en-una-recta-es-un-accidente-tremendamente-extrano","status":"publish","type":"post","link":"https:\/\/hormigaradio.com\/?p=25001","title":{"rendered":"PUENTE ASEGURA QUE EL TREN ERA MODERNO, LA V\u00cdA ESTABA RENOVADA Y EL SINIESTRO FUE EN UNA RECTA: \u201cES UN ACCIDENTE TREMENDAMENTE EXTRA\u00d1O\u201d"},"content":{"rendered":"<p class=\"\"><img loading=\"lazy\" class=\"size-full wp-image-25002 alignleft\" src=\"http:\/\/hormigaradio.com\/wp-content\/uploads\/2026\/01\/oscar-puente_-ministro-de-espana.jpg\" alt=\"\" width=\"270\" height=\"186\" \/>Fuente: https:\/\/elpais.com\/<\/p>\n<p class=\"\">El ministro de Transportes,\u00a0<a title=\"https:\/\/elpais.com\/espana\/2026-01-19\/que-se-sabe-y-que-no-del-accidente-ferroviario-en-el-que-han-muerto-mas-de-20-personas.html\" href=\"https:\/\/elpais.com\/espana\/2026-01-19\/que-se-sabe-y-que-no-del-accidente-ferroviario-en-el-que-han-muerto-mas-de-20-personas.html\" target=\"_blank\" rel=\"noopener noreferrer\" data-link-track-dtm=\"\">\u00d3scar Puente<\/a>, ha calificado de \u201ctremendamente extra\u00f1o\u201d el accidente ferroviario que ha dejado al menos 21 muertos y 30 heridos en Adamuz (C\u00f3rdoba). Puente ha comparecido la madrugada de este lunes ante los medios de comunicaci\u00f3n desde las instalaciones de Adif en la estaci\u00f3n de Atocha de Madrid para informar sobre las circunstancias del descarrilamiento haciendo hincapi\u00e9 en que es \u201craro, muy raro, es muy dif\u00edcil en este momento de explicar\u201d. Seg\u00fan el ministro, todos los expertos en materia ferroviaria con los que habl\u00f3 el domingo por la noche \u201cest\u00e1n tremendamente extra\u00f1ados\u201d con el accidente.<\/p>\n<p class=\"\">El titular de Transportes, que en las pr\u00f3ximas horas se desplazar\u00e1 a C\u00f3rdoba, ha insistido en que si ahora apuntara a una causa concreta estar\u00eda especulando. S\u00ed ha indicado que la v\u00eda donde ha ocurrido el accidente se renov\u00f3 esta primavera y el tren Iryo \u201cera pr\u00e1cticamente nuevo\u201d y \u201cno llega a cuatro a\u00f1os\u201d. Con estas premisas, ha anunciado que una comisi\u00f3n independiente ser\u00e1 la encargada de investigar lo ocurrido para poder esclarecer lo sucedido.<\/p>\n<p class=\"\">\u201cEn este momento no podemos ni especular sobre si ha sido el material rodante o ha sido la v\u00eda. No lo sabemos\u201d, ha resaltado Puente, quien ha reiterado que hay una \u201ccuriosidad total\u201d por parte de todos los t\u00e9cnicos de saber qu\u00e9 ha podido pasar, porque, reitera, es \u201cverdaderamente extra\u00f1o\u201d al tratarse de materiales totalmente nuevos. Tambi\u00e9n los ra\u00edles pertenecen a \u201cuna v\u00eda completamente renovada\u201d en la que se han invertido 700 millones. \u201cEn concreto, en ese tramo concluyeron los trabajos de sustituci\u00f3n de cambios, de desv\u00edos, en el mes de mayo de este a\u00f1o. Por tanto, el accidente es tremendamente extra\u00f1o, es en una recta [&#8230;]. Esperemos que la investigaci\u00f3n, pues nos ayude a esclarecer qu\u00e9 es lo que ha sucedido\u201d, ha afirmado.<\/p>\n<p class=\"\">El ministro ha explicado que la peor parte del accidente se ha dado en el tren Alvia. \u201cLa peor parte se la han llevado las dos primeras unidades del tren. En esas dos primeras unidades viajaban 37 personas en la primera y 16 en la segunda, por lo tanto, hay 53 personas afectadas, fundamentalmente de las 200 que iban en el tren\u201d, ha se\u00f1alado. Esas dos unidades son las dos que han ca\u00eddo por el terrapl\u00e9n y es ah\u00ed donde est\u00e1n en este momento concentrados los trabajos de bomberos y protecci\u00f3n civil.<\/p>\n<p>Impactos: 19<\/p>","protected":false},"excerpt":{"rendered":"<p>Fuente: https:\/\/elpais.com\/ El ministro de Transportes,\u00a0\u00d3scar Puente, ha calificado de \u201ctremendamente extra\u00f1o\u201d el accidente ferroviario que ha dejado al menos 21 muertos y 30<\/p>\n","protected":false},"author":3,"featured_media":25002,"comment_status":"closed","ping_status":"closed","sticky":false,"template":"","format":"standard","meta":[],"categories":[22],"tags":[],"_links":{"self":[{"href":"https:\/\/hormigaradio.com\/index.php?rest_route=\/wp\/v2\/posts\/25001"}],"collection":[{"href":"https:\/\/hormigaradio.com\/index.php?rest_route=\/wp\/v2\/posts"}],"about":[{"href":"https:\/\/hormigaradio.com\/index.php?rest_route=\/wp\/v2\/types\/post"}],"author":[{"embeddable":true,"href":"https:\/\/hormigaradio.com\/index.php?rest_route=\/wp\/v2\/users\/3"}],"replies":[{"embeddable":true,"href":"https:\/\/hormigaradio.com\/index.php?rest_route=%2Fwp%2Fv2%2Fcomments&post=25001"}],"version-history":[{"count":1,"href":"https:\/\/hormigaradio.com\/index.php?rest_route=\/wp\/v2\/posts\/25001\/revisions"}],"predecessor-version":[{"id":25003,"href":"https:\/\/hormigaradio.com\/index.php?rest_route=\/wp\/v2\/posts\/25001\/revisions\/25003"}],"wp:featuredmedia":[{"embeddable":true,"href":"https:\/\/hormigaradio.com\/index.php?rest_route=\/wp\/v2\/media\/25002"}],"wp:attachment":[{"href":"https:\/\/hormigaradio.com\/index.php?rest_route=%2Fwp%2Fv2%2Fmedia&parent=25001"}],"wp:term":[{"taxonomy":"category","embeddable":true,"href":"https:\/\/hormigaradio.com\/index.php?rest_route=%2Fwp%2Fv2%2Fcategories&post=25001"},{"taxonomy":"post_tag","embeddable":true,"href":"https:\/\/hormigaradio.com\/index.php?rest_route=%2Fwp%2Fv2%2Ftags&post=25001"}],"curies":[{"name":"wp","href":"https:\/\/api.w.org\/{rel}","templated":true}]}}