{"id":25004,"date":"2026-01-19T19:22:47","date_gmt":"2026-01-19T19:22:47","guid":{"rendered":"https:\/\/hormigaradio.com\/?p=25004"},"modified":"2026-01-19T19:22:47","modified_gmt":"2026-01-19T19:22:47","slug":"ministra-de-interior-afirma-busqueda-de-brianna-genao-no-se-detiene-confirma-salida-del-fbi-de-barrero","status":"publish","type":"post","link":"https:\/\/hormigaradio.com\/?p=25004","title":{"rendered":"MINISTRA DE INTERIOR AFIRMA B\u00daSQUEDA DE BRIANNA GENAO NO SE DETIENE; CONFIRMA SALIDA DEL FBI DE BARRERO"},"content":{"rendered":"<p>Por\u00a0<span class=\"name font-600\"><a title=\"M\u00e1ximo Laureano\" href=\"https:\/\/acento.com.do\/autor\/mlaureano.html\">M\u00e1ximo Laureano<\/a><\/span><\/p>\n<p>La ministra de\u00a0<strong>Interior y Polic\u00eda, Faride Raful<\/strong>, confirm\u00f3 la tarde de este lunes la salida de los agentes del\u00a0<strong>FBI<\/strong>\u00a0de la escena de b\u00fasqueda de la ni\u00f1a\u00a0<strong>Brianna Genao Rosario<\/strong>, en la comunidad\u00a0<strong>Barrero,<\/strong>\u00a0municipio de\u00a0<strong>Imbert,<\/strong>\u00a0provincia\u00a0<strong>Puerto Plata<\/strong>.<\/p>\n<p>No obstante,\u00a0<strong>Raful<\/strong>\u00a0afirm\u00f3 que se mantiene la colaboraci\u00f3n de los t\u00e9cnicos del\u00a0<strong>FBI<\/strong>\u00a0en la investigaci\u00f3n, la cual, asegur\u00f3, no se detendr\u00e1 hasta obtener conclusiones.<\/p>\n<p><iframe loading=\"lazy\" title=\"FBI respaldar\u00e1 labores de inteligencia en investigaci\u00f3n del caso Brianna Genao\" src=\"https:\/\/geo.dailymotion.com\/player.html?video=x9y3g8i&amp;\" width=\"500\" height=\"625\" frameborder=\"0\" allowfullscreen=\"allowfullscreen\" data-mce-fragment=\"1\"><\/iframe><\/p>\n<p>Tras concluir la reuni\u00f3n de seguimiento al Plan de Seguridad Ciudadana, encabezada por el presidente Luis\u00a0<strong>Abinader,<\/strong>\u00a0la ministra de\u00a0<strong>Interior y Polic\u00eda<\/strong>\u00a0ofreci\u00f3 declaraciones sobre el caso de\u00a0<strong>Brianna Genao Rosario<\/strong>, de tres a\u00f1os de edad, desaparecida el 31 de diciembre en la comunidad.<\/p>\n<section id=\"newsletter\">\n<header class=\"newsletter__header\"><\/header>\n<p class=\"newsletter__disclaimer\">La funcionaria inform\u00f3 que las autoridades mantienen activas todas las labores de b\u00fasqueda e investigaci\u00f3n, con el apoyo de distintos organismos de seguridad del Estado, a fin de dar con el paradero de la menor y esclarecer los hechos.<\/p>\n<\/section>\n<p>Una fuente de la\u00a0<strong>Polic\u00eda Nacional<\/strong>\u00a0inform\u00f3 que tambi\u00e9n se cuenta con la colaboraci\u00f3n de\u00a0<strong>Interpol.<\/strong><\/p>\n<p>Las declaraciones de la ministra Raful se produjeron un d\u00eda despu\u00e9s de la marcha realizada por familiares y comunitarios de\u00a0<strong>Barrero<\/strong>\u00a0y\u00a0<strong>Navarrete,<\/strong>\u00a0donde exigieron celeridad en las investigaciones.<\/p>\n<p><strong>Faride Raful<\/strong>\u00a0tambi\u00e9n abord\u00f3 el tema de la desaparici\u00f3n del ni\u00f1o\u00a0<strong>Roldany Calder\u00f3n<\/strong>, desaparecido desde el 30 de marzo de 2025 en\u00a0<strong>Los Tablones<\/strong>,\u00a0<strong>Manabao,<\/strong>\u00a0municipio\u00a0<strong>Jarabacoa.<\/strong><\/p>\n<p>Agreg\u00f3 que ese caso sigue abierto en investigaci\u00f3n.<\/p>\n<p>Impactos: 16<\/p>","protected":false},"excerpt":{"rendered":"<p>Por\u00a0M\u00e1ximo Laureano La ministra de\u00a0Interior y Polic\u00eda, Faride Raful, confirm\u00f3 la tarde de este lunes la salida de los agentes del\u00a0FBI\u00a0de la escena de<\/p>\n","protected":false},"author":3,"featured_media":24945,"comment_status":"closed","ping_status":"closed","sticky":false,"template":"","format":"standard","meta":[],"categories":[3],"tags":[],"_links":{"self":[{"href":"https:\/\/hormigaradio.com\/index.php?rest_route=\/wp\/v2\/posts\/25004"}],"collection":[{"href":"https:\/\/hormigaradio.com\/index.php?rest_route=\/wp\/v2\/posts"}],"about":[{"href":"https:\/\/hormigaradio.com\/index.php?rest_route=\/wp\/v2\/types\/post"}],"author":[{"embeddable":true,"href":"https:\/\/hormigaradio.com\/index.php?rest_route=\/wp\/v2\/users\/3"}],"replies":[{"embeddable":true,"href":"https:\/\/hormigaradio.com\/index.php?rest_route=%2Fwp%2Fv2%2Fcomments&post=25004"}],"version-history":[{"count":1,"href":"https:\/\/hormigaradio.com\/index.php?rest_route=\/wp\/v2\/posts\/25004\/revisions"}],"predecessor-version":[{"id":25005,"href":"https:\/\/hormigaradio.com\/index.php?rest_route=\/wp\/v2\/posts\/25004\/revisions\/25005"}],"wp:featuredmedia":[{"embeddable":true,"href":"https:\/\/hormigaradio.com\/index.php?rest_route=\/wp\/v2\/media\/24945"}],"wp:attachment":[{"href":"https:\/\/hormigaradio.com\/index.php?rest_route=%2Fwp%2Fv2%2Fmedia&parent=25004"}],"wp:term":[{"taxonomy":"category","embeddable":true,"href":"https:\/\/hormigaradio.com\/index.php?rest_route=%2Fwp%2Fv2%2Fcategories&post=25004"},{"taxonomy":"post_tag","embeddable":true,"href":"https:\/\/hormigaradio.com\/index.php?rest_route=%2Fwp%2Fv2%2Ftags&post=25004"}],"curies":[{"name":"wp","href":"https:\/\/api.w.org\/{rel}","templated":true}]}}