{"id":25011,"date":"2026-01-20T19:14:53","date_gmt":"2026-01-20T19:14:53","guid":{"rendered":"https:\/\/hormigaradio.com\/?p=25011"},"modified":"2026-01-20T19:14:53","modified_gmt":"2026-01-20T19:14:53","slug":"no-hay-dominicanos-entre-las-victimas-del-tragico-accidente-ferroviario-en-espana","status":"publish","type":"post","link":"https:\/\/hormigaradio.com\/?p=25011","title":{"rendered":"NO HAY DOMINICANOS ENTRE LAS V\u00cdCTIMAS DEL TR\u00c1GICO ACCIDENTE FERROVIARIO EN ESPA\u00d1A"},"content":{"rendered":"<p><img loading=\"lazy\" class=\"size-medium wp-image-24999 alignleft\" src=\"http:\/\/hormigaradio.com\/wp-content\/uploads\/2026\/01\/trenn-300x164.jpg\" alt=\"\" width=\"300\" height=\"164\" srcset=\"https:\/\/hormigaradio.com\/wp-content\/uploads\/2026\/01\/trenn-300x164.jpg 300w, https:\/\/hormigaradio.com\/wp-content\/uploads\/2026\/01\/trenn.jpg 303w\" sizes=\"(max-width: 300px) 100vw, 300px\" \/>El c\u00f3nsul dominicano en Madrid,\u00a0<strong>Jos\u00e9 Marte Piantini<\/strong>, inform\u00f3 este martes que hasta el momento no se han reportado dominicanos entre las\u00a0<strong>v\u00edctimas<\/strong>\u00a0del grave accidente ferroviario ocurrido en\u00a0<strong>Espa\u00f1a<\/strong>, una tragedia que ha dejado decenas de muertos y heridos en el sur del pa\u00eds.<\/p>\n<p>El siniestro se registr\u00f3 la noche del 18 de enero de 2026, cerca de\u00a0<strong>Adamuz<\/strong>, en la provincia de\u00a0<strong>C\u00f3rdoba<\/strong>, comunidad aut\u00f3noma de\u00a0<strong>Andaluc\u00eda<\/strong>, cuando dos trenes de alta velocidad colisionaron tras el descarrilamiento de uno de ellos en plena v\u00eda.<\/p>\n<p>Aunque no existen datos oficiales que especifiquen la cantidad de dominicanos residentes en Andaluc\u00eda,\u00a0<strong>Espa\u00f1a<\/strong>\u00a0es el segundo pa\u00eds con mayor presencia de la di\u00e1spora dominicana, con\u00a0<strong>201,162<\/strong> nacionales, seg\u00fan estudios sobre la comunidad dominicana en ese pa\u00eds.<\/p>\n<h2>Detalles del accidente ferroviario<\/h2>\n<p>De acuerdo con medios internacionales y autoridades espa\u00f1olas, el choque ocurri\u00f3 en la l\u00ednea de alta velocidad que conecta\u00a0<strong>M\u00e1laga<\/strong>\u00a0con\u00a0<strong>Madrid<\/strong>, cuando un convoy operado por la empresa\u00a0<strong>Iryo<\/strong>, procedente de M\u00e1laga y con destino a Madrid, descarril\u00f3 y cruz\u00f3 a la v\u00eda opuesta, impactando con un tren de\u00a0<strong>Renfe<\/strong>\u00a0que se dirig\u00eda a\u00a0<strong>H<\/strong><\/p>\n<p>Las autoridades espa\u00f1olas han desplegado equipos de\u00a0<strong>emergencia<\/strong>, maquinaria pesada y dispositivos de atenci\u00f3n para asistir a los afectados y a los familiares de las v\u00edctimas, mientras se investigan las causas del choque, considerado uno de los peores accidentes ferroviarios en\u00a0<strong>Espa\u00f1a<\/strong> en m\u00e1s de una d\u00e9cada.<\/p>\n<p>La\u00a0<strong>Embajada<\/strong>\u00a0de la Rep\u00fablica Dominicana y el consulado en Madrid mantienen coordinaci\u00f3n con las autoridades espa\u00f1olas y han expresado su\u00a0<strong>solidaridad<\/strong>\u00a0con las familias de los fallecidos y heridos, reiterando que no se han reportado v\u00edctimas dominicanas hasta el momento.<\/p>\n<p>Marte Piantini agreg\u00f3 que no se han<strong>\u00a0recibido llamadas<\/strong>\u00a0de familiares ni reportes de dominicanos heridos o fallecidos vinculados al accidente.<\/p>\n<p>Impactos: 16<\/p>","protected":false},"excerpt":{"rendered":"<p>El c\u00f3nsul dominicano en Madrid,\u00a0Jos\u00e9 Marte Piantini, inform\u00f3 este martes que hasta el momento no se han reportado dominicanos entre las\u00a0v\u00edctimas\u00a0del grave accidente ferroviario<\/p>\n","protected":false},"author":3,"featured_media":24999,"comment_status":"closed","ping_status":"closed","sticky":false,"template":"","format":"standard","meta":[],"categories":[22],"tags":[],"_links":{"self":[{"href":"https:\/\/hormigaradio.com\/index.php?rest_route=\/wp\/v2\/posts\/25011"}],"collection":[{"href":"https:\/\/hormigaradio.com\/index.php?rest_route=\/wp\/v2\/posts"}],"about":[{"href":"https:\/\/hormigaradio.com\/index.php?rest_route=\/wp\/v2\/types\/post"}],"author":[{"embeddable":true,"href":"https:\/\/hormigaradio.com\/index.php?rest_route=\/wp\/v2\/users\/3"}],"replies":[{"embeddable":true,"href":"https:\/\/hormigaradio.com\/index.php?rest_route=%2Fwp%2Fv2%2Fcomments&post=25011"}],"version-history":[{"count":1,"href":"https:\/\/hormigaradio.com\/index.php?rest_route=\/wp\/v2\/posts\/25011\/revisions"}],"predecessor-version":[{"id":25012,"href":"https:\/\/hormigaradio.com\/index.php?rest_route=\/wp\/v2\/posts\/25011\/revisions\/25012"}],"wp:featuredmedia":[{"embeddable":true,"href":"https:\/\/hormigaradio.com\/index.php?rest_route=\/wp\/v2\/media\/24999"}],"wp:attachment":[{"href":"https:\/\/hormigaradio.com\/index.php?rest_route=%2Fwp%2Fv2%2Fmedia&parent=25011"}],"wp:term":[{"taxonomy":"category","embeddable":true,"href":"https:\/\/hormigaradio.com\/index.php?rest_route=%2Fwp%2Fv2%2Fcategories&post=25011"},{"taxonomy":"post_tag","embeddable":true,"href":"https:\/\/hormigaradio.com\/index.php?rest_route=%2Fwp%2Fv2%2Ftags&post=25011"}],"curies":[{"name":"wp","href":"https:\/\/api.w.org\/{rel}","templated":true}]}}