{"id":253,"date":"2017-12-20T03:43:02","date_gmt":"2017-12-20T03:43:02","guid":{"rendered":"http:\/\/hormigaradio.com\/?p=253"},"modified":"2017-12-20T04:00:42","modified_gmt":"2017-12-20T04:00:42","slug":"el-nino-jesus-composicion-que-retrata-una-realidad-del-caribe-y-de-toda-la-parte-geografica-latinoamericana","status":"publish","type":"post","link":"https:\/\/hormigaradio.com\/?p=253","title":{"rendered":"\u00b4\u00b4 EL NI\u00d1O JES\u00daS\u00b4\u00b4, Composici\u00f3n que retrata una realidad del Caribe y de toda la parte geogr\u00e1fica Latinoamericana."},"content":{"rendered":"<div id=\"js_5\" class=\"_5pbx userContent _3576\" data-ft=\"{&quot;tn&quot;:&quot;K&quot;}\">\n<p>Por Rafael Almanzar M\u00e1rmol.<\/p>\n<p><a href=\"http:\/\/hormigaradio.com\/wp-content\/uploads\/2017\/12\/ni\u00f1o-navidad.jpg\"><img loading=\"lazy\" class=\"size-medium wp-image-256 alignleft\" src=\"http:\/\/hormigaradio.com\/wp-content\/uploads\/2017\/12\/ni\u00f1o-navidad-300x225.jpg\" alt=\"\" width=\"300\" height=\"225\" srcset=\"https:\/\/hormigaradio.com\/wp-content\/uploads\/2017\/12\/ni\u00f1o-navidad-300x225.jpg 300w, https:\/\/hormigaradio.com\/wp-content\/uploads\/2017\/12\/ni\u00f1o-navidad.jpg 480w\" sizes=\"(max-width: 300px) 100vw, 300px\" \/><\/a><\/p>\n<p>Esta composicion es un villancico del compositor Puertorrique\u00f1o. Tony Croatto, considerada como una de las mas emblem\u00e1ticas y hermosas en su genero.<br \/>\nLa misma retrata una problem\u00e1tica latente en el Caribe y toda la parte Latinoamericana como lo es la pobreza infantil y la violaci\u00f3n de los derechos que les corresponden.<br \/>\nSeg\u00fan el portal digital \u00b4\u00b4 el dinero \u00b4\u00b4 en un reportaje de Winder Soto, la pobreza infantil, es un mal que se reproduce en la Rep\u00fablica Dominicana.<\/p>\n<p>Datos oficiales del fondo de las naciones unidas ( unicef ) la Rep\u00fablica Dominicana ha experimentado una lenta, aunque constante reducci\u00f3n de la pobreza desde el inicio del siglo, no obstante, el ritmo de la disminuci\u00f3n es inferior al de la poblacion en general.<\/p>\n<p>La incidencia de la pobreza infantil en America Latina y el Caribe es de 45% y de un 17. 9% en pobreza extrema.<br \/>\nEn el 2010, el 50.6% de la ni\u00f1ez del pa\u00eds equivalentes a 1.7 millones, viv\u00edan con necesidades b\u00e1sicas insatisfechas. Entre ellos, un 42. 1%, Equivalentes 722,000, viv\u00edan en el gran Santo Domingo, muy atr\u00e1s se encontraba el Cibao Norte con 16.2% equivalentes a 279,000 y Valdesia con 14. 4 % equivalente a 247,000<\/p>\n<p>La misma ( unicef ) ofrece los datos que en una escala de cero y diez, el pa\u00eds alcanza un indice de 4.1 en el cumplimiento de los derechos de la infancia, el indice de desarrollo humano se encuentra entre los 10 mas bajos de la regi\u00f3n ( 0.663 ) y el 10% de las personas mas ricas tiene un ingreso 23 veces superior 40 % de los mas desfavorecidos.<\/p>\n<p>\u00b4\u00b4 EL NI\u00d1O JES\u00daS \u00b4\u00b4<\/p>\n<p>\u00b4\u00b4All\u00e1 en la puerta un ni\u00f1o, se llama jesus<br \/>\ncon calzones rotos, descalzo y pelu,<br \/>\nviene con maracas, es la navidad y pide su aguinaldo,<br \/>\nte quiere cantar.<\/p>\n<p>All\u00e1 en la puerta un ni\u00f1o, se llama jesus,<br \/>\ncon calzones rotos, descalzo y pelu.<br \/>\nyo no tengo tiempo, no puedo escuchar,<br \/>\ndile que que hay enfermo, que el se\u00f1or no esta,<br \/>\nese es uno de esos, de arrabal, de esos que me roban,<br \/>\nun hijo del mal.<\/p>\n<p>All\u00e1 en la puerta un ni\u00f1o, se lama jesus,<br \/>\ncon calzones rotos, descalzo y pelu,<br \/>\nno hay ning\u00fan pesebre, no hay ning\u00fan portal.<br \/>\nsolo tiene hambre, hambre de arrabal,<br \/>\ny ninguna estrella por el brillara, ni los reyes magos se<br \/>\nmolestaran.<\/p>\n<p>All\u00e1 en la puerta un ni\u00f1o, se llamaba jesus,<br \/>\ncon calzones rotos, descalzo y pelu.<br \/>\ncierale la puerta, no lo quiero aqu\u00ed mi amigo me espera,<br \/>\nme tengo que ir, dile que me deje, de una vez en paz,<br \/>\nque es noche del ni\u00f1o, que en el cielo esta.<\/p>\n<p>Jes\u00fas hermano<br \/>\nJes\u00fas amigo<br \/>\nJes\u00fas vecino<br \/>\nJes\u00fas del barrio<br \/>\nJes\u00fas la gente,<br \/>\nJes\u00fas la vida sencillamente, jesus<br \/>\nCon calzones rotos descalzo y pelu,<br \/>\nviene con maracas, en la navidad,<br \/>\npide su aguinaldo a la humanidad.\u00b4\u00b4<\/p>\n<\/div>\n<p><!--more--><\/p>\n<div class=\"_3x-2\">\n<div data-ft=\"{&quot;tn&quot;:&quot;H&quot;}\">\n<div class=\"mtm\">\n<div id=\"u_0_y\" class=\"_6m2 _1zpr clearfix _5ej3 _dcs _4_w4 _5cwb _2bf7\" data-ft=\"{&quot;tn&quot;:&quot;H&quot;}\">\n<div class=\"clearfix _2r3x\">\n<div class=\"lfloat _ohe\">\n<div class=\"_6ks\">\n<div class=\"_6l- __c_\">\n<div class=\"uiScaledImageContainer _6m5 fbStoryAttachmentImage\"><img loading=\"lazy\" class=\"scaledImageFitWidth img\" src=\"https:\/\/external-mia3-1.xx.fbcdn.net\/safe_image.php?d=AQCSum03jsIYrPh8&amp;w=111&amp;h=111&amp;url=https%3A%2F%2Fi.ytimg.com%2Fvi%2F5croSO4mUh4%2Fmaxresdefault.jpg&amp;cfs=1&amp;upscale=1&amp;fallback=news_d_placeholder_publisher&amp;sx=330&amp;sy=0&amp;sw=720&amp;sh=720&amp;_nc_hash=AQBUTOD3h-HyBVad\" alt=\"\" width=\"108\" height=\"108\" \/><\/div>\n<\/div>\n<\/div>\n<\/div>\n<div class=\"_42ef\">\n<div class=\"_3ekx _29_4\">\n<div class=\"_6m3 _--6\">\n<div class=\"mbs _6m6 _2cnj _5s6c\"><a href=\"https:\/\/l.facebook.com\/l.php?u=https%3A%2F%2Fwww.youtube.com%2Fwatch%3Fv%3D5croSO4mUh4%26feature%3Dshare&amp;h=ATNf1Tk_lsqplhOXGwYci1QRcUs-KmeO-D5sDuyOb5pwQxSKemp26tHLJLUxO12-LPOXWhfTuUTtWf-cvyThxsoMaZ7HwSnIgGABtmQtdEBKL4SDQBF316VeH5O9WInBIC0zIVeVsJYcHPhgelddoOlwa9z31zVjw2V33n8atlzikAWZMykgj7oNPGX1EYxTwhMZLGWsHC5zHWld2Zsw5r-VOPE_64Cz8YjjhHOpTmR56_3UwSHfY5pHBVHGjtUUbDZc1fSIuYqD2Kjl44csJht5-2RT3jJm\" target=\"_blank\" rel=\"noopener nofollow\" data-lynx-mode=\"async\">ANTHONY RIOS ** NI\u00d1O JESUS ** L,P_ 1986<\/a><\/div>\n<div class=\"_6m7 _3bt9\">Albun: Del A\u00f1o _ 1986_L,P. ANTHONY RIOS CORAZON\u2026<\/div>\n<div class=\"_59tj _2iau\">\n<div>\n<div class=\"_6lz _6mb ellipsis\">YOUTUBE.COM<\/div>\n<div class=\"\"><\/div>\n<\/div>\n<\/div>\n<\/div>\n<\/div>\n<\/div>\n<\/div>\n<\/div>\n<\/div>\n<\/div>\n<\/div>\n<p>Impactos: 4888<\/p>","protected":false},"excerpt":{"rendered":"<p>Por Rafael Almanzar M\u00e1rmol. Esta composicion es un villancico del compositor Puertorrique\u00f1o. Tony Croatto, considerada como una de las mas emblem\u00e1ticas y hermosas en<\/p>\n","protected":false},"author":3,"featured_media":256,"comment_status":"open","ping_status":"closed","sticky":false,"template":"","format":"standard","meta":[],"categories":[4],"tags":[],"_links":{"self":[{"href":"https:\/\/hormigaradio.com\/index.php?rest_route=\/wp\/v2\/posts\/253"}],"collection":[{"href":"https:\/\/hormigaradio.com\/index.php?rest_route=\/wp\/v2\/posts"}],"about":[{"href":"https:\/\/hormigaradio.com\/index.php?rest_route=\/wp\/v2\/types\/post"}],"author":[{"embeddable":true,"href":"https:\/\/hormigaradio.com\/index.php?rest_route=\/wp\/v2\/users\/3"}],"replies":[{"embeddable":true,"href":"https:\/\/hormigaradio.com\/index.php?rest_route=%2Fwp%2Fv2%2Fcomments&post=253"}],"version-history":[{"count":3,"href":"https:\/\/hormigaradio.com\/index.php?rest_route=\/wp\/v2\/posts\/253\/revisions"}],"predecessor-version":[{"id":255,"href":"https:\/\/hormigaradio.com\/index.php?rest_route=\/wp\/v2\/posts\/253\/revisions\/255"}],"wp:featuredmedia":[{"embeddable":true,"href":"https:\/\/hormigaradio.com\/index.php?rest_route=\/wp\/v2\/media\/256"}],"wp:attachment":[{"href":"https:\/\/hormigaradio.com\/index.php?rest_route=%2Fwp%2Fv2%2Fmedia&parent=253"}],"wp:term":[{"taxonomy":"category","embeddable":true,"href":"https:\/\/hormigaradio.com\/index.php?rest_route=%2Fwp%2Fv2%2Fcategories&post=253"},{"taxonomy":"post_tag","embeddable":true,"href":"https:\/\/hormigaradio.com\/index.php?rest_route=%2Fwp%2Fv2%2Ftags&post=253"}],"curies":[{"name":"wp","href":"https:\/\/api.w.org\/{rel}","templated":true}]}}