{"id":25338,"date":"2026-03-04T17:19:37","date_gmt":"2026-03-04T17:19:37","guid":{"rendered":"https:\/\/hormigaradio.com\/?p=25338"},"modified":"2026-03-04T17:20:39","modified_gmt":"2026-03-04T17:20:39","slug":"general-jesus-r-tejada-tejada-asume-como-director-policial-en-santiago-anuncia-que-seguira-linea-de-su-antecesor","status":"publish","type":"post","link":"https:\/\/hormigaradio.com\/?p=25338","title":{"rendered":"GENERAL JES\u00daS R. TEJADA TEJADA ASUME COMO DIRECTOR POLICIAL EN SANTIAGO; ANUNCIA QUE SEGUIR\u00c1 L\u00cdNEA DE SU ANTECESOR"},"content":{"rendered":"<p>Por\u00a0<span class=\"name font-600\"><a title=\"M\u00e1ximo Laureano\" href=\"https:\/\/acento.com.do\/autor\/mlaureano.html\">M\u00e1ximo Laureano<\/a><\/span><\/p>\n<p>El general\u00a0<strong>Jes\u00fas R. Tejada Tejada<\/strong>\u00a0asumi\u00f3 la ma\u00f1ana de este mi\u00e9rcoles como el nuevo director de la Direcci\u00f3n Regional Cibao Central de la\u00a0<strong>Polic\u00eda Nacional<\/strong>, con sede en Santiago de los Caballeros, tras dos a\u00f1os de gesti\u00f3n del tambi\u00e9n general\u00a0<strong>Juan Bautista Jim\u00e9nez Reynoso<\/strong>.<\/p>\n<p>El general\u00a0<strong>Tejada Tejada<\/strong>\u00a0asume un d\u00eda despu\u00e9s de que se hicieran p\u00fablicos los cambios internos, realizados tras asumir como director nacional el mayor general\u00a0<strong>Modesto Cruz Cruz.<\/strong><\/p>\n<p>La Direcci\u00f3n Regional Cibao Central de la\u00a0<strong>Polic\u00eda Nacional<\/strong>\u00a0abarca las provincias Santiago, Espaillat\u00a0<strong>(Moca)<\/strong>\u00a0y Hermanas Mirabal\u00a0<strong>(Salcedo),<\/strong>\u00a0y est\u00e1 considerada como una de las jurisdicciones m\u00e1s demandantes de la Rep\u00fablica Dominicana.<\/p>\n<p><iframe loading=\"lazy\" title=\"General Tejada Tejada asume direcci\u00f3n de la Polic\u00eda en Santiago\" src=\"https:\/\/geo.dailymotion.com\/player.html?video=xa17nju&amp;\" width=\"500\" height=\"625\" frameborder=\"0\" allowfullscreen=\"allowfullscreen\" data-mce-fragment=\"1\"><\/iframe><\/p>\n<p>Sin sorpresas en su discurso al asumir el cargo en Santiago, el general\u00a0<strong>Tejada Tejada<\/strong>\u00a0dijo que llega con la propuesta de seguir el \u201clibrito\u201d de su antecesor, el general\u00a0<strong>Jim\u00e9nez Reynoso<\/strong>.<\/p>\n<p>\u201cVamos a continuar trabajando, continuar el trabajo que ven\u00eda haciendo el comandante Reynoso y pueden contar con nosotros\u201d, dijo el alto oficial, tras agradecer a sus superiores por la designaci\u00f3n en la plaza local.<\/p>\n<p>El director saliente, general\u00a0<strong>Juan Bautista Jim\u00e9nez Reynoso<\/strong>, centr\u00f3 su discurso en agradecimientos al presidente de la Rep\u00fablica,\u00a0<strong>Luis Abinader<\/strong>, y al pasado director de la\u00a0<strong>Polic\u00eda Nacional<\/strong>,\u00a0<strong>Ram\u00f3n Guzm\u00e1n Peralta.<\/strong><\/p>\n<p>\u201cHicimos todo lo humanamente posible para mantener la seguridad ciudadana, nuestras huellas quedan ah\u00ed y seguiremos trabajando\u201d, dijo el general\u00a0<strong>Jim\u00e9nez Reynoso<\/strong>\u00a0en su despedida.<\/p>\n<h2>Detalles.<\/h2>\n<p>El general\u00a0<strong>Juan Bautista<\/strong>\u00a0<strong>Jim\u00e9nez Reynoso<\/strong>\u00a0deja el cargo dos d\u00edas despu\u00e9s de dedicar elogios al presidente de la Rep\u00fablica,\u00a0<strong>Luis Abinader<\/strong>, y destacar que la\u00a0<strong>Polic\u00eda Nacional<\/strong>\u00a0antes no ten\u00eda nada y que ahora lo tiene todo, con el proceso de reforma policial.<\/p>\n<p>Durante su gesti\u00f3n, calificada como buena por el oficialismo \u2014contrario a lo que percibe parte de la poblaci\u00f3n\u2014, se registraron varios casos de uso excesivo de la fuerza por parte de agentes de la\u00a0<strong>Polic\u00eda Nacional<\/strong>, como la acci\u00f3n que dej\u00f3\u00a0<a href=\"https:\/\/acento.com.do\/buscar\/?key=La+Barranquita\" target=\"_blank\" rel=\"noopener\">cinco j\u00f3venes muertos en el sector\u00a0<strong>La Barranquita<\/strong><\/a>, el 10 de septiembre de 2025. Siete agentes de la instituci\u00f3n son procesados por este hecho.<\/p>\n<p>Otro caso es el del barrio\u00a0<strong>La Ceibita-El Papayo<\/strong>, donde el joven de 23 a\u00f1os,\u00a0<a href=\"https:\/\/acento.com.do\/actualidad\/fallece-joven-que-habria-sido-baleado-por-agentes-de-la-policia-en-santiago-9597598.html\" target=\"_blank\" rel=\"noopener\">Jos\u00e9 Miguel Miranda Flete, falleci\u00f3<\/a>\u00a0tras ser baleado por patrulleros el 25 de diciembre.<\/p>\n<div class=\"related-news\">\n<p>Tras este caso, el general <strong>Jim\u00e9nez Reynoso<\/strong>\u00a0sugiri\u00f3 a los comunitarios\u00a0<a href=\"https:\/\/acento.com.do\/actualidad\/tres-meses-prision-preventiva-policia-investigado-por-muerte-joven-dia-navidad-9607604.html\">no hablar con los periodistas sobre lo ocurrido<\/a>. Seg\u00fan denuncias de los vecinos, el alto oficial aleg\u00f3 que los comunicadores solo \u201cbuscaban su cuarto\u201d.<\/p>\n<\/div>\n<p>Por este caso cumple prisi\u00f3n preventiva el primer teniente de la\u00a0<strong>Polic\u00eda Nacional<\/strong>,\u00a0<a href=\"https:\/\/acento.com.do\/actualidad\/joven-de-23-anos-y-teniente-de-la-policia-resultan-heridos-en-incidente-en-barrio-de-santiago-9596766.html\" target=\"_blank\" rel=\"noopener\"><strong>Bladimir de Jes\u00fas Rodr\u00edguez D\u00edaz<\/strong><\/a>, apresado luego de varias protestas y denuncias de los comunitarios.<\/p>\n<p>El director policial saliente tambi\u00e9n se caracteriz\u00f3 por\u00a0imponer silencio ante otros casos de impacto y por encarar a periodistas por publicaciones\u00a0que, a su juicio, afectaban su gesti\u00f3n.<\/p>\n<p>Este martes, familiares de\u00a0<a href=\"https:\/\/acento.com.do\/actualidad\/hombre-muere-en-destacamento-policial-tras-ser-apresado-por-presunto-robo-9613445.html\" target=\"_blank\" rel=\"noopener\"><strong>Alejandro Arsenio Rodr\u00edguez Inoa,<\/strong>\u00a0fallecido en un destacamento policial<\/a>\u00a0en el sector Gurabo, reclamaron en el\u00a0<strong>Palacio de Justicia<\/strong>\u00a0que se aclare el caso, ya que no creen la versi\u00f3n policial de que la causa de su muerte fuera un infarto, como informaron las autoridades.<\/p>\n<p>En una de sus declaraciones p\u00fablicas, el general\u00a0<strong>Jim\u00e9nez Reynoso<\/strong>\u00a0sugiri\u00f3 a los ciudadanos no usar prendas \u2014como cadenas y otros accesorios\u2014 porque, a su juicio, esto motivaba a los delincuentes.<\/p>\n<div class=\"banner-box\"><\/div>\n<p>En enero de 2026, el general\u00a0<strong>Jim\u00e9nez Reynoso<\/strong>\u00a0fue criticado por el alcalde de\u00a0<strong>Licey al Medio<\/strong>\u00a0por un presunto uso excesivo de la fuerza durante una fiesta oficial en el parque de esa comunidad.<\/p>\n<p>Durante su gesti\u00f3n se increment\u00f3 la incautaci\u00f3n de motocicletas en las calles y lleg\u00f3 a prohibir que los conductores de este tipo de transporte se movilizaran con el rostro cubierto.<\/p>\n<div class=\"con-tags-container\">\n<p class=\"con-tags__kicker\">EN ESTA NOTA<\/p>\n<\/div>\n<p>Impactos: 33<\/p>","protected":false},"excerpt":{"rendered":"<p>Por\u00a0M\u00e1ximo Laureano El general\u00a0Jes\u00fas R. Tejada Tejada\u00a0asumi\u00f3 la ma\u00f1ana de este mi\u00e9rcoles como el nuevo director de la Direcci\u00f3n Regional Cibao Central de la\u00a0Polic\u00eda<\/p>\n","protected":false},"author":3,"featured_media":25340,"comment_status":"closed","ping_status":"closed","sticky":false,"template":"","format":"standard","meta":[],"categories":[3],"tags":[],"_links":{"self":[{"href":"https:\/\/hormigaradio.com\/index.php?rest_route=\/wp\/v2\/posts\/25338"}],"collection":[{"href":"https:\/\/hormigaradio.com\/index.php?rest_route=\/wp\/v2\/posts"}],"about":[{"href":"https:\/\/hormigaradio.com\/index.php?rest_route=\/wp\/v2\/types\/post"}],"author":[{"embeddable":true,"href":"https:\/\/hormigaradio.com\/index.php?rest_route=\/wp\/v2\/users\/3"}],"replies":[{"embeddable":true,"href":"https:\/\/hormigaradio.com\/index.php?rest_route=%2Fwp%2Fv2%2Fcomments&post=25338"}],"version-history":[{"count":1,"href":"https:\/\/hormigaradio.com\/index.php?rest_route=\/wp\/v2\/posts\/25338\/revisions"}],"predecessor-version":[{"id":25339,"href":"https:\/\/hormigaradio.com\/index.php?rest_route=\/wp\/v2\/posts\/25338\/revisions\/25339"}],"wp:featuredmedia":[{"embeddable":true,"href":"https:\/\/hormigaradio.com\/index.php?rest_route=\/wp\/v2\/media\/25340"}],"wp:attachment":[{"href":"https:\/\/hormigaradio.com\/index.php?rest_route=%2Fwp%2Fv2%2Fmedia&parent=25338"}],"wp:term":[{"taxonomy":"category","embeddable":true,"href":"https:\/\/hormigaradio.com\/index.php?rest_route=%2Fwp%2Fv2%2Fcategories&post=25338"},{"taxonomy":"post_tag","embeddable":true,"href":"https:\/\/hormigaradio.com\/index.php?rest_route=%2Fwp%2Fv2%2Ftags&post=25338"}],"curies":[{"name":"wp","href":"https:\/\/api.w.org\/{rel}","templated":true}]}}