{"id":25345,"date":"2026-03-06T00:09:16","date_gmt":"2026-03-06T00:09:16","guid":{"rendered":"https:\/\/hormigaradio.com\/?p=25345"},"modified":"2026-03-06T00:09:16","modified_gmt":"2026-03-06T00:09:16","slug":"familiares-hombre-fallecido-en-destacamento-vuelven-a-reclamar-se-aclare-caso","status":"publish","type":"post","link":"https:\/\/hormigaradio.com\/?p=25345","title":{"rendered":"FAMILIARES HOMBRE FALLECIDO EN DESTACAMENTO VUELVEN A RECLAMAR SE ACLARE CASO"},"content":{"rendered":"<p>Por\u00a0<span class=\"name font-600\"><a title=\"M\u00e1ximo Laureano\" href=\"https:\/\/acento.com.do\/autor\/mlaureano.html\">M\u00e1ximo Laureano<\/a><\/span><\/p>\n<p>Familiares de\u00a0<strong>Alejandro Arsenio Inoa Rodr\u00edguez<\/strong>, de 47 a\u00f1os, fallecido en un destacamento policial en el sector\u00a0<strong>Gurabo,<\/strong>\u00a0regresaron al Palacio de Justicia de Santiago para exigir a las autoridades que se esclarezcan las circunstancias de su muerte.<\/p>\n<p>Los familiares de Inoa Rodr\u00edguez no creen en la versi\u00f3n de los agentes de turno, quienes aseguraron que su pariente falleci\u00f3 a causa de un infarto.<\/p>\n<p>El pasado 29 de enero, horas despu\u00e9s del incidente, la vocer\u00eda de la Polic\u00eda inform\u00f3 que Inoa Rodr\u00edguez hab\u00eda muerto debido a una \u201ccondici\u00f3n repentina\u201d.<\/p>\n<div><iframe loading=\"lazy\" title=\"Familiares hombre fallecido en destacamento vuelven a reclamar se aclare caso\" src=\"https:\/\/player.vimeo.com\/video\/1170733276?title=0&amp;amp;byline=0\" width=\"425\" height=\"350\" frameborder=\"0\" data-mce-fragment=\"1\" data-ready=\"true\"><\/iframe><\/div>\n<section id=\"newsletter\">\n<p class=\"newsletter__disclaimer\">\u201cAl llegar a la dotaci\u00f3n policial, <strong>Inoa Rodr\u00edguez<\/strong>\u00a0present\u00f3 una condici\u00f3n de salud repentina, por lo que se solicit\u00f3 de inmediato asistencia m\u00e9dica a trav\u00e9s del sistema 9-1-1. Minutos despu\u00e9s se confirm\u00f3 su fallecimiento\u201d, declar\u00f3 en ese momento la vocera de la instituci\u00f3n, la periodista\u00a0<strong>Fior D. Aliza Popa Arias<\/strong>.<\/p>\n<\/section>\n<p>Los deudos denunciaron que el cuerpo de su pariente presentaba se\u00f1ales de golpes, adem\u00e1s de lesiones provocadas por la forma en que fueron colocadas las esposas.<\/p>\n<p>Esta es la segunda ocasi\u00f3n en que los familiares acuden a la sede judicial para solicitar un documento forense que certifique las causas del fallecimiento. En sus denuncias afirmaron que las autoridades se han negado a entregarlo y advirtieron que, de no recibir respuesta tras esta manifestaci\u00f3n, cambiar\u00e1n la forma de exigir justicia.<\/p>\n<p>En esta ocasi\u00f3n, los manifestantes estuvieron acompa\u00f1ados del abogado\u00a0<strong>Nelson Abreu<\/strong>, quien present\u00f3 documentaci\u00f3n y argument\u00f3 sobre la situaci\u00f3n.<\/p>\n<h2>Antecedentes<\/h2>\n<p>El 8 de febrero, el activista social Juan Compr\u00e9s\u00a0<strong>(Juanchy)<\/strong>\u00a0solicit\u00f3 investigar la denuncia de que un joven, identificado como Roberto Antonio Pichardo Cruceta\u00a0<strong>(Chato),<\/strong>\u00a0fue torturado en la c\u00e1rcel preventiva de\u00a0<strong>Moca<\/strong>, provincia\u00a0<strong>Espaillat.<\/strong><\/p>\n<p>En marzo de 2025, un hombre identificado como\u00a0<strong>V\u00edctor Rafael Rodr\u00edguez Vargas<\/strong>\u00a0falleci\u00f3 mientras recib\u00eda atenci\u00f3n m\u00e9dica tras ingerir una sustancia letal mientras estaba detenido en un destacamento de la Polic\u00eda Nacional en el municipio Villa Bison\u00f3\u00a0<strong>(Navarrete).<\/strong><\/p>\n<p>Impactos: 30<\/p>","protected":false},"excerpt":{"rendered":"<p>Por\u00a0M\u00e1ximo Laureano Familiares de\u00a0Alejandro Arsenio Inoa Rodr\u00edguez, de 47 a\u00f1os, fallecido en un destacamento policial en el sector\u00a0Gurabo,\u00a0regresaron al Palacio de Justicia de Santiago<\/p>\n","protected":false},"author":3,"featured_media":22765,"comment_status":"closed","ping_status":"closed","sticky":false,"template":"","format":"standard","meta":[],"categories":[3],"tags":[],"_links":{"self":[{"href":"https:\/\/hormigaradio.com\/index.php?rest_route=\/wp\/v2\/posts\/25345"}],"collection":[{"href":"https:\/\/hormigaradio.com\/index.php?rest_route=\/wp\/v2\/posts"}],"about":[{"href":"https:\/\/hormigaradio.com\/index.php?rest_route=\/wp\/v2\/types\/post"}],"author":[{"embeddable":true,"href":"https:\/\/hormigaradio.com\/index.php?rest_route=\/wp\/v2\/users\/3"}],"replies":[{"embeddable":true,"href":"https:\/\/hormigaradio.com\/index.php?rest_route=%2Fwp%2Fv2%2Fcomments&post=25345"}],"version-history":[{"count":1,"href":"https:\/\/hormigaradio.com\/index.php?rest_route=\/wp\/v2\/posts\/25345\/revisions"}],"predecessor-version":[{"id":25346,"href":"https:\/\/hormigaradio.com\/index.php?rest_route=\/wp\/v2\/posts\/25345\/revisions\/25346"}],"wp:featuredmedia":[{"embeddable":true,"href":"https:\/\/hormigaradio.com\/index.php?rest_route=\/wp\/v2\/media\/22765"}],"wp:attachment":[{"href":"https:\/\/hormigaradio.com\/index.php?rest_route=%2Fwp%2Fv2%2Fmedia&parent=25345"}],"wp:term":[{"taxonomy":"category","embeddable":true,"href":"https:\/\/hormigaradio.com\/index.php?rest_route=%2Fwp%2Fv2%2Fcategories&post=25345"},{"taxonomy":"post_tag","embeddable":true,"href":"https:\/\/hormigaradio.com\/index.php?rest_route=%2Fwp%2Fv2%2Ftags&post=25345"}],"curies":[{"name":"wp","href":"https:\/\/api.w.org\/{rel}","templated":true}]}}