{"id":25347,"date":"2026-03-06T00:11:58","date_gmt":"2026-03-06T00:11:58","guid":{"rendered":"https:\/\/hormigaradio.com\/?p=25347"},"modified":"2026-03-06T00:15:44","modified_gmt":"2026-03-06T00:15:44","slug":"licitacion-para-una-nueva-carcel-en-santiago-se-hara-en-septiembre","status":"publish","type":"post","link":"https:\/\/hormigaradio.com\/?p=25347","title":{"rendered":"LICITACI\u00d3N PARA UNA NUEVA C\u00c1RCEL EN SANTIAGO SE HAR\u00c1 EN SEPTIEMBRE"},"content":{"rendered":"<p>Por\u00a0<span class=\"name font-600\"><a title=\"M\u00e1ximo Laureano\" href=\"https:\/\/acento.com.do\/autor\/mlaureano.html\">M\u00e1ximo Laureano<\/a><\/span><\/p>\n<p>Roberto Santana, encargado de la Direcci\u00f3n General de Servicios Penitenciarios y Correccionales en la Rep\u00fablica Dominicana, anunci\u00f3 que en septiembre del presente a\u00f1o se realizar\u00e1 la licitaci\u00f3n para la adjudicaci\u00f3n del proyecto de construcci\u00f3n de una nueva c\u00e1rcel en\u00a0<strong>Santiago.<\/strong><\/p>\n<p>Seg\u00fan explic\u00f3 Santana, el nuevo recinto carcelario se construir\u00e1 en el distrito municipal\u00a0<strong>Hato del Yaque<\/strong>, para lo cual ya se han ubicado los terrenos y se han realizado las evaluaciones t\u00e9cnicas correspondientes, a fin de evitar inconvenientes al momento de levantar la edificaci\u00f3n.<\/p>\n<div><iframe loading=\"lazy\" title=\"Nueva c\u00e1rcel en Santiago ser\u00e1 licitada en septiembre como parte de la reforma penitenciaria\" src=\"https:\/\/player.vimeo.com\/video\/1170715907?title=0&amp;amp;byline=0\" width=\"425\" height=\"350\" frameborder=\"0\" data-mce-fragment=\"1\" data-ready=\"true\"><\/iframe><\/div>\n<p>&nbsp;<\/p>\n<p>En relaci\u00f3n con el nuevo proyecto penitenciario, indic\u00f3 que ser\u00e1 un recinto destinado a reclusos condenados y que el penal de Rafey, en operaci\u00f3n desde 1986, quedar\u00e1 como un centro para privados de libertad en etapa preventiva.<\/p>\n<section id=\"newsletter\">\n<header class=\"newsletter__header\"><\/header>\n<p class=\"newsletter__disclaimer\">Santana se\u00f1al\u00f3 que para la construcci\u00f3n del nuevo centro penitenciario en Santiago ya se dispone de RD$756 millones y agreg\u00f3 que el proyecto forma parte de una tercera etapa de la reforma que se lleva a cabo para hacer m\u00e1s dignos y seguros estos recintos.<\/p>\n<\/section>\n<p>La construcci\u00f3n de un nuevo centro para reclusos condenados tendr\u00e1 el espacio suficiente para que internos de Santiago que actualmente est\u00e1n distribuidos en 16 centros penitenciarios en todo el pa\u00eds puedan ser trasladados nuevamente a esta provincia, lo que facilitar\u00eda el contacto con sus familiares.<\/p>\n<p>Santana, quien estuvo en el Centro Rafey-Hombres durante la presentaci\u00f3n del Plan Operativo Anual (POA) CCR 8, explic\u00f3 que la falta de espacios se debe a que Santiago ha crecido como ciudad, pero no ha habido suficientes reformas en el sistema penitenciario.<\/p>\n<p>\u201cEs un tema aprobado en las tres fases de la reforma penitenciaria, en lo que tiene que ver con infraestructura\u201d, dijo Roberto Santana.<\/p>\n<p>A\u00f1adi\u00f3 que la reforma contempla la construcci\u00f3n de unos 10 recintos nuevos para trasladar a los reclusos que a\u00fan se encuentran en c\u00e1rceles pertenecientes al modelo manejado por militares y polic\u00edas.<\/p>\n<p>Asimismo, anunci\u00f3 que este viernes 6 de marzo se dar\u00e1 inicio a un nuevo centro penitenciario en la provincia El Seibo y que la pr\u00f3xima semana se har\u00e1 lo propio en Azua.<\/p>\n<figure id=\"attachment_25351\" aria-describedby=\"caption-attachment-25351\" style=\"width: 715px\" class=\"wp-caption aligncenter\"><img loading=\"lazy\" class=\"wp-image-25351 size-large\" src=\"http:\/\/hormigaradio.com\/wp-content\/uploads\/2026\/03\/RAFAEY-CARCEL-1024x447.jpg\" alt=\"\" width=\"715\" height=\"312\" srcset=\"https:\/\/hormigaradio.com\/wp-content\/uploads\/2026\/03\/RAFAEY-CARCEL-1024x447.jpg 1024w, https:\/\/hormigaradio.com\/wp-content\/uploads\/2026\/03\/RAFAEY-CARCEL-300x131.jpg 300w, https:\/\/hormigaradio.com\/wp-content\/uploads\/2026\/03\/RAFAEY-CARCEL-768x335.jpg 768w, https:\/\/hormigaradio.com\/wp-content\/uploads\/2026\/03\/RAFAEY-CARCEL-1536x670.jpg 1536w, https:\/\/hormigaradio.com\/wp-content\/uploads\/2026\/03\/RAFAEY-CARCEL.jpg 1600w\" sizes=\"(max-width: 715px) 100vw, 715px\" \/><figcaption id=\"caption-attachment-25351\" class=\"wp-caption-text\"><strong>C\u00e1rcel Rafey, en Santiago.<\/strong><\/figcaption><\/figure>\n<p>Impactos: 26<\/p>","protected":false},"excerpt":{"rendered":"<p>Por\u00a0M\u00e1ximo Laureano Roberto Santana, encargado de la Direcci\u00f3n General de Servicios Penitenciarios y Correccionales en la Rep\u00fablica Dominicana, anunci\u00f3 que en septiembre del presente<\/p>\n","protected":false},"author":3,"featured_media":25349,"comment_status":"closed","ping_status":"closed","sticky":false,"template":"","format":"standard","meta":[],"categories":[3],"tags":[],"_links":{"self":[{"href":"https:\/\/hormigaradio.com\/index.php?rest_route=\/wp\/v2\/posts\/25347"}],"collection":[{"href":"https:\/\/hormigaradio.com\/index.php?rest_route=\/wp\/v2\/posts"}],"about":[{"href":"https:\/\/hormigaradio.com\/index.php?rest_route=\/wp\/v2\/types\/post"}],"author":[{"embeddable":true,"href":"https:\/\/hormigaradio.com\/index.php?rest_route=\/wp\/v2\/users\/3"}],"replies":[{"embeddable":true,"href":"https:\/\/hormigaradio.com\/index.php?rest_route=%2Fwp%2Fv2%2Fcomments&post=25347"}],"version-history":[{"count":3,"href":"https:\/\/hormigaradio.com\/index.php?rest_route=\/wp\/v2\/posts\/25347\/revisions"}],"predecessor-version":[{"id":25352,"href":"https:\/\/hormigaradio.com\/index.php?rest_route=\/wp\/v2\/posts\/25347\/revisions\/25352"}],"wp:featuredmedia":[{"embeddable":true,"href":"https:\/\/hormigaradio.com\/index.php?rest_route=\/wp\/v2\/media\/25349"}],"wp:attachment":[{"href":"https:\/\/hormigaradio.com\/index.php?rest_route=%2Fwp%2Fv2%2Fmedia&parent=25347"}],"wp:term":[{"taxonomy":"category","embeddable":true,"href":"https:\/\/hormigaradio.com\/index.php?rest_route=%2Fwp%2Fv2%2Fcategories&post=25347"},{"taxonomy":"post_tag","embeddable":true,"href":"https:\/\/hormigaradio.com\/index.php?rest_route=%2Fwp%2Fv2%2Ftags&post=25347"}],"curies":[{"name":"wp","href":"https:\/\/api.w.org\/{rel}","templated":true}]}}