{"id":25357,"date":"2026-03-06T00:24:09","date_gmt":"2026-03-06T00:24:09","guid":{"rendered":"https:\/\/hormigaradio.com\/?p=25357"},"modified":"2026-03-06T00:25:00","modified_gmt":"2026-03-06T00:25:00","slug":"nuevo-director-de-la-policia-en-santiago-inicia-gestion-con-oracion","status":"publish","type":"post","link":"https:\/\/hormigaradio.com\/?p=25357","title":{"rendered":"NUEVO DIRECTOR DE LA POLIC\u00cdA EN SANTIAGO INICIA GESTI\u00d3N CON ORACI\u00d3N"},"content":{"rendered":"<p>Por\u00a0<span class=\"name font-600\"><a title=\"M\u00e1ximo Laureano\" href=\"https:\/\/acento.com.do\/autor\/mlaureano.html\">M\u00e1ximo Laureano<\/a><\/span><\/p>\n<p>A poco m\u00e1s de 24 horas de asumir como director de la\u00a0<strong>Polic\u00eda Nacional<\/strong>\u00a0en Santiago, el general\u00a0<strong>Jes\u00fas R. Tejada Tejada<\/strong>\u00a0convoc\u00f3 al p\u00e1rroco\u00a0<strong>Javier B\u00e1ez Jorge<\/strong>\u00a0a sus oficinas para que le \u201cechara la bendici\u00f3n\u201d a su gesti\u00f3n.<\/p>\n<p>\u201cQui\u00e9n mejor que usted para que nos d\u00e9 la bendici\u00f3n, eche agua bendita a esto (oficina), para que esta gesti\u00f3n inicie bien y el d\u00eda que concluya, term\u00ednenos bien\u201d, dijo el alto oficial, juramentado en el cargo de la Direcci\u00f3n Regional Cibao Central de la Polic\u00eda Nacional, que adem\u00e1s abarca las provincias\u00a0<strong>Espaillat<\/strong>\u00a0y\u00a0<strong>Hermanas Mirabal<\/strong>.<\/p>\n<div><iframe loading=\"lazy\" title=\"Nuevo director de la Polic\u00eda en Santiago inicia gesti\u00f3n con oraci\u00f3n\" src=\"https:\/\/player.vimeo.com\/video\/1170726736?title=0&amp;amp;byline=0\" width=\"425\" height=\"350\" frameborder=\"0\" data-mce-fragment=\"1\" data-ready=\"true\"><\/iframe><\/div>\n<p>&nbsp;<\/p>\n<p>En el acto religioso acompa\u00f1aron al general Tejada Tejada un asistente suyo, la vocera de la instituci\u00f3n en Santiago, la periodista\u00a0<strong>Fior D. Aliza Popa<\/strong>\u00a0Arias, y las asistentes del Departamento de Relaciones P\u00fablicas y Comunicaciones: la sargento\u00a0<strong>Maridania Tav\u00e1rez<\/strong>\u00a0y la colaboradora de la\u00a0<strong>Polic\u00eda, Mary Sim\u00e9<\/strong>.<\/p>\n<section id=\"newsletter\">\n<header class=\"newsletter__header\"><\/header>\n<p class=\"newsletter__disclaimer\">En la plegaria, el padre <strong>Javier B\u00e1ez Jorge<\/strong>, asistente de capell\u00e1n policial y voluntario de la Defensa Civil, or\u00f3 para ahuyentar los aspectos negativos y para que puedan ejecutar los planes marcados para el bien com\u00fan.<\/p>\n<\/section>\n<p>Impactos: 19<\/p>","protected":false},"excerpt":{"rendered":"<p>Por\u00a0M\u00e1ximo Laureano A poco m\u00e1s de 24 horas de asumir como director de la\u00a0Polic\u00eda Nacional\u00a0en Santiago, el general\u00a0Jes\u00fas R. Tejada Tejada\u00a0convoc\u00f3 al p\u00e1rroco\u00a0Javier B\u00e1ez<\/p>\n","protected":false},"author":3,"featured_media":25340,"comment_status":"closed","ping_status":"closed","sticky":false,"template":"","format":"standard","meta":[],"categories":[3],"tags":[],"_links":{"self":[{"href":"https:\/\/hormigaradio.com\/index.php?rest_route=\/wp\/v2\/posts\/25357"}],"collection":[{"href":"https:\/\/hormigaradio.com\/index.php?rest_route=\/wp\/v2\/posts"}],"about":[{"href":"https:\/\/hormigaradio.com\/index.php?rest_route=\/wp\/v2\/types\/post"}],"author":[{"embeddable":true,"href":"https:\/\/hormigaradio.com\/index.php?rest_route=\/wp\/v2\/users\/3"}],"replies":[{"embeddable":true,"href":"https:\/\/hormigaradio.com\/index.php?rest_route=%2Fwp%2Fv2%2Fcomments&post=25357"}],"version-history":[{"count":1,"href":"https:\/\/hormigaradio.com\/index.php?rest_route=\/wp\/v2\/posts\/25357\/revisions"}],"predecessor-version":[{"id":25358,"href":"https:\/\/hormigaradio.com\/index.php?rest_route=\/wp\/v2\/posts\/25357\/revisions\/25358"}],"wp:featuredmedia":[{"embeddable":true,"href":"https:\/\/hormigaradio.com\/index.php?rest_route=\/wp\/v2\/media\/25340"}],"wp:attachment":[{"href":"https:\/\/hormigaradio.com\/index.php?rest_route=%2Fwp%2Fv2%2Fmedia&parent=25357"}],"wp:term":[{"taxonomy":"category","embeddable":true,"href":"https:\/\/hormigaradio.com\/index.php?rest_route=%2Fwp%2Fv2%2Fcategories&post=25357"},{"taxonomy":"post_tag","embeddable":true,"href":"https:\/\/hormigaradio.com\/index.php?rest_route=%2Fwp%2Fv2%2Ftags&post=25357"}],"curies":[{"name":"wp","href":"https:\/\/api.w.org\/{rel}","templated":true}]}}