{"id":25365,"date":"2026-03-06T10:15:18","date_gmt":"2026-03-06T10:15:18","guid":{"rendered":"https:\/\/hormigaradio.com\/?p=25365"},"modified":"2026-03-06T10:15:18","modified_gmt":"2026-03-06T10:15:18","slug":"fallece-padre-de-la-procuradora-de-la-republica","status":"publish","type":"post","link":"https:\/\/hormigaradio.com\/?p=25365","title":{"rendered":"FALLECE PADRE DE LA PROCURADORA  DE LA REPUBLICA"},"content":{"rendered":"<p><img loading=\"lazy\" class=\"alignnone wp-image-15152\" src=\"http:\/\/hormigaradio.com\/wp-content\/uploads\/2022\/01\/FIRMA-para-Hormiga-Radio-300x158.jpeg\" alt=\"\" width=\"80\" height=\"42\" \/><\/p>\n<p>La Procuradur\u00eda General de la Rep\u00fablica inform\u00f3 del fallecimiento este jueves, en un centro de salud de Santiago, del profesor Ram\u00f3n Dar\u00edo Reynoso Gonz\u00e1lez, padre de la procuradora general de la Rep\u00fablica, Yeni Berenice Reynoso.<\/p>\n<p>Reynoso Gonz\u00e1lez, de 71 a\u00f1os de edad, resid\u00eda en El Higo, Luper\u00f3n, Puerto Plata. Sus honras f\u00fanebres se llevar\u00e1n a cabo entre las 10:00 de la ma\u00f1ana y las 6:00 de la tarde de este viernes, 6 de marzo de 2026, en el Cementerio Fuente de Luz, ubicado en la Circunvalaci\u00f3n Norte, Santiago.<\/p>\n<p>A las 2:00 de la tarde tendr\u00e1 lugar la misa de cuerpo presente en el cementerio. La procuradora Reynoso G\u00f3mez agradeci\u00f3, en nombre propio y de sus familiares, las expresiones de apoyo de parte de amigos y conocidos, as\u00ed como de todas las personas que han expresado solidaridad.<\/p>\n<p>Impactos: 31<\/p>","protected":false},"excerpt":{"rendered":"<p>La Procuradur\u00eda General de la Rep\u00fablica inform\u00f3 del fallecimiento este jueves, en un centro de salud de Santiago, del profesor Ram\u00f3n Dar\u00edo Reynoso Gonz\u00e1lez,<\/p>\n","protected":false},"author":3,"featured_media":5367,"comment_status":"closed","ping_status":"closed","sticky":false,"template":"","format":"standard","meta":[],"categories":[3],"tags":[],"_links":{"self":[{"href":"https:\/\/hormigaradio.com\/index.php?rest_route=\/wp\/v2\/posts\/25365"}],"collection":[{"href":"https:\/\/hormigaradio.com\/index.php?rest_route=\/wp\/v2\/posts"}],"about":[{"href":"https:\/\/hormigaradio.com\/index.php?rest_route=\/wp\/v2\/types\/post"}],"author":[{"embeddable":true,"href":"https:\/\/hormigaradio.com\/index.php?rest_route=\/wp\/v2\/users\/3"}],"replies":[{"embeddable":true,"href":"https:\/\/hormigaradio.com\/index.php?rest_route=%2Fwp%2Fv2%2Fcomments&post=25365"}],"version-history":[{"count":1,"href":"https:\/\/hormigaradio.com\/index.php?rest_route=\/wp\/v2\/posts\/25365\/revisions"}],"predecessor-version":[{"id":25366,"href":"https:\/\/hormigaradio.com\/index.php?rest_route=\/wp\/v2\/posts\/25365\/revisions\/25366"}],"wp:featuredmedia":[{"embeddable":true,"href":"https:\/\/hormigaradio.com\/index.php?rest_route=\/wp\/v2\/media\/5367"}],"wp:attachment":[{"href":"https:\/\/hormigaradio.com\/index.php?rest_route=%2Fwp%2Fv2%2Fmedia&parent=25365"}],"wp:term":[{"taxonomy":"category","embeddable":true,"href":"https:\/\/hormigaradio.com\/index.php?rest_route=%2Fwp%2Fv2%2Fcategories&post=25365"},{"taxonomy":"post_tag","embeddable":true,"href":"https:\/\/hormigaradio.com\/index.php?rest_route=%2Fwp%2Fv2%2Ftags&post=25365"}],"curies":[{"name":"wp","href":"https:\/\/api.w.org\/{rel}","templated":true}]}}