{"id":25368,"date":"2026-03-08T03:31:55","date_gmt":"2026-03-08T03:31:55","guid":{"rendered":"https:\/\/hormigaradio.com\/?p=25368"},"modified":"2026-03-08T03:38:47","modified_gmt":"2026-03-08T03:38:47","slug":"presidente-abinader-participa-en-firma-de-proclamacion-para-crear-coalicion-militar-contra-carteles-del-narcotrafico","status":"publish","type":"post","link":"https:\/\/hormigaradio.com\/?p=25368","title":{"rendered":"PRESIDENTE ABINADER PARTICIPA EN FIRMA DE PROCLAMACI\u00d3N PARA CREAR COALICI\u00d3N MILITAR CONTRA C\u00c1RTELES DEL NARCOTR\u00c1FICO"},"content":{"rendered":"<p><img loading=\"lazy\" class=\"alignnone wp-image-15152\" src=\"http:\/\/hormigaradio.com\/wp-content\/uploads\/2022\/01\/FIRMA-para-Hormiga-Radio-300x158.jpeg\" alt=\"\" width=\"80\" height=\"42\" \/><\/p>\n<p>El presidente de la Rep\u00fablica Dominicana, Luis Abinader, particip\u00f3 este s\u00e1bado junto a otros mandatarios del hemisferio en la firma de una proclamaci\u00f3n para la creaci\u00f3n de una coalici\u00f3n militar regional destinada a combatir los c\u00e1rteles del narcotr\u00e1fico, durante la cumbre denominada \u201cEscudo de las Am\u00e9ricas\u201d.<\/p>\n<div style=\"width: 715px;\" class=\"wp-video\"><!--[if lt IE 9]><script>document.createElement('video');<\/script><![endif]-->\n<video class=\"wp-video-shortcode\" id=\"video-25368-1\" width=\"715\" height=\"399\" preload=\"metadata\" controls=\"controls\"><source type=\"video\/mp4\" src=\"http:\/\/hormigaradio.com\/wp-content\/uploads\/2026\/03\/WhatsApp-Video-2026-03-07-at-11.27.52-PM.mp4?_=1\" \/><a href=\"http:\/\/hormigaradio.com\/wp-content\/uploads\/2026\/03\/WhatsApp-Video-2026-03-07-at-11.27.52-PM.mp4\">http:\/\/hormigaradio.com\/wp-content\/uploads\/2026\/03\/WhatsApp-Video-2026-03-07-at-11.27.52-PM.mp4<\/a><\/video><\/div>\n<p>La iniciativa busca fortalecer la cooperaci\u00f3n en materia de seguridad entre los pa\u00edses de Am\u00e9rica Latina y Estados Unidos, con el objetivo de enfrentar de manera coordinada el crimen organizado transnacional, el narcotr\u00e1fico y las redes criminales que operan en la regi\u00f3n.<\/p>\n<p>Durante esta firma el presidente Donald Trump habla con el presidente Abinader.<\/p>\n<p>Durante el encuentro, el presidente de los Estados Unidos, Donald Trump, destac\u00f3 la importancia de la alianza hemisf\u00e9rica y afirm\u00f3 que la cooperaci\u00f3n entre los pa\u00edses ser\u00e1 clave para garantizar la seguridad regional.<\/p>\n<p>\u201cJuntos estamos formando ese escudo de las Am\u00e9ricas para promover estas prioridades compartidas en el hemisferio\u201d, expres\u00f3 el mandatario estadounidense, al referirse a los esfuerzos conjuntos contra los \u201ccarteles criminales, delincuencia y violencia\u201d, y asegur\u00f3 que Estados Unidos espera profundizar y expandir esa cooperaci\u00f3n.<\/p>\n<p>Trump tambi\u00e9n sostuvo que los pa\u00edses participantes comparten valores fundamentales y un objetivo com\u00fan. \u201cJuntos vamos a proteger nuestra seguridad, soberan\u00eda, libertad compartida e independencia\u201d, afirm\u00f3.<\/p>\n<p>El presidente estadounidense se\u00f1al\u00f3 adem\u00e1s que las naciones presentes cuentan con grandes oportunidades de desarrollo.<\/p>\n<p>\u201cLas naciones congregadas aqu\u00ed tienen un potencial ilimitado. Ustedes tienen un incre\u00edble potencial; ustedes son una gran parte del mundo para cumplir con ese potencial\u201d, manifest\u00f3.<\/p>\n<p>Asimismo, advirti\u00f3 sobre la necesidad de actuar con firmeza contra el crimen organizado. \u201cTenemos que frenar a los carteles, a las pandillas criminales y a las horribles organizaciones que, en algunos casos, son manejadas por animales y liberadas a nuestros pueblos\u201d, dijo.<\/p>\n<p>Trump asegur\u00f3 que su gobierno est\u00e1 dispuesto a colaborar con los pa\u00edses aliados para enfrentar estos desaf\u00edos. \u201cVamos a trabajar con ustedes si lo necesitan, con la valent\u00eda y la decisi\u00f3n de los l\u00edderes en esta sala, grandes l\u00edderes\u201d, expres\u00f3.<\/p>\n<p>Finalmente, el mandatario estadounidense destac\u00f3 que el objetivo de esta alianza regional es fortalecer la prosperidad y la seguridad de las naciones del hemisferio.<\/p>\n<p>\u201cVamos a hacer que nuestras naciones sean m\u00e1s ricas, m\u00e1s seguras y m\u00e1s exitosas de lo que han sido jam\u00e1s\u201d, indic\u00f3, al tiempo que agradeci\u00f3 la participaci\u00f3n de los jefes de Estado.<\/p>\n<p>\u201cQuiero agradecer a todos ustedes. Espero sostener incre\u00edbles progresos; vamos a hacer cosas incre\u00edbles\u201d, concluy\u00f3.<\/p>\n<p>Impactos: 20<\/p>","protected":false},"excerpt":{"rendered":"<p>El presidente de la Rep\u00fablica Dominicana, Luis Abinader, particip\u00f3 este s\u00e1bado junto a otros mandatarios del hemisferio en la firma de una proclamaci\u00f3n para<\/p>\n","protected":false},"author":3,"featured_media":25374,"comment_status":"closed","ping_status":"closed","sticky":false,"template":"","format":"standard","meta":[],"categories":[3],"tags":[],"_links":{"self":[{"href":"https:\/\/hormigaradio.com\/index.php?rest_route=\/wp\/v2\/posts\/25368"}],"collection":[{"href":"https:\/\/hormigaradio.com\/index.php?rest_route=\/wp\/v2\/posts"}],"about":[{"href":"https:\/\/hormigaradio.com\/index.php?rest_route=\/wp\/v2\/types\/post"}],"author":[{"embeddable":true,"href":"https:\/\/hormigaradio.com\/index.php?rest_route=\/wp\/v2\/users\/3"}],"replies":[{"embeddable":true,"href":"https:\/\/hormigaradio.com\/index.php?rest_route=%2Fwp%2Fv2%2Fcomments&post=25368"}],"version-history":[{"count":3,"href":"https:\/\/hormigaradio.com\/index.php?rest_route=\/wp\/v2\/posts\/25368\/revisions"}],"predecessor-version":[{"id":25373,"href":"https:\/\/hormigaradio.com\/index.php?rest_route=\/wp\/v2\/posts\/25368\/revisions\/25373"}],"wp:featuredmedia":[{"embeddable":true,"href":"https:\/\/hormigaradio.com\/index.php?rest_route=\/wp\/v2\/media\/25374"}],"wp:attachment":[{"href":"https:\/\/hormigaradio.com\/index.php?rest_route=%2Fwp%2Fv2%2Fmedia&parent=25368"}],"wp:term":[{"taxonomy":"category","embeddable":true,"href":"https:\/\/hormigaradio.com\/index.php?rest_route=%2Fwp%2Fv2%2Fcategories&post=25368"},{"taxonomy":"post_tag","embeddable":true,"href":"https:\/\/hormigaradio.com\/index.php?rest_route=%2Fwp%2Fv2%2Ftags&post=25368"}],"curies":[{"name":"wp","href":"https:\/\/api.w.org\/{rel}","templated":true}]}}