{"id":25375,"date":"2026-03-10T14:27:46","date_gmt":"2026-03-10T14:27:46","guid":{"rendered":"https:\/\/hormigaradio.com\/?p=25375"},"modified":"2026-03-10T14:27:46","modified_gmt":"2026-03-10T14:27:46","slug":"presidente-abinader-viaja-a-chile-para-transmision-de-mando-del-mandatario-electo-jose-antonio-kast-rist","status":"publish","type":"post","link":"https:\/\/hormigaradio.com\/?p=25375","title":{"rendered":"PRESIDENTE ABINADER VIAJA A CHILE PARA TRANSMISI\u00d3N DE MANDO DEL MANDATARIO ELECTO JOS\u00c9 ANTONIO KAST RIST"},"content":{"rendered":"<p><img loading=\"lazy\" class=\"alignnone wp-image-15152\" src=\"http:\/\/hormigaradio.com\/wp-content\/uploads\/2022\/01\/FIRMA-para-Hormiga-Radio-300x158.jpeg\" alt=\"\" width=\"80\" height=\"42\" \/><\/p>\n<p>El presidente Luis Abinader sali\u00f3 este martes a la Rep\u00fablica de Chile para participar en los actos oficiales de la transmisi\u00f3n de mando presidencial de esa naci\u00f3n sudamericana, donde asumir\u00e1 el nuevo mandatario chileno, Jos\u00e9 Antonio Kast Rist.<\/p>\n<p>A su llegada a territorio chileno como parte de la agenda oficial, el mandatario dominicano sostendr\u00e1 un saludo protocolar junto a otros jefes de Estado y de Gobierno con el presidente de Chile, Gabriel Boric, en el Palacio de La Moneda.<\/p>\n<p>En este encuentro participar\u00e1n el presidente dominicano, la primera dama Raquel Arbaje, el ministro de Relaciones Exteriores y Adriana Abinader Arbaje.<\/p>\n<p>Posteriormente, el jefe de Estado asistir\u00e1 a una recepci\u00f3n ofrecida por el presidente Gabriel Boric para las delegaciones internacionales invitadas.<\/p>\n<p>Ceremonia de transmisi\u00f3n de mando presidencial<\/p>\n<p>La agenda oficial continuar\u00e1 el mi\u00e9rcoles con la solemne ceremonia de transmisi\u00f3n del mando presidencial y la juramentaci\u00f3n del nuevo gabinete en el Sal\u00f3n de Honor del Congreso Nacional, en Valpara\u00edso, donde Jos\u00e9 Antonio Kast recibir\u00e1 la banda presidencial y asumir\u00e1 formalmente como presidente de Chile.<\/p>\n<p>M\u00e1s tarde, Abinader participar\u00e1 en un almuerzo ofrecido por el presidente Jos\u00e9 Antonio Kast y la primera dama de Chile, Mar\u00eda P\u00eda Adriasola de Kast, en honor a los jefes de Estado y autoridades invitadas.<\/p>\n<p>Regreso al pa\u00eds<\/p>\n<p>Tras concluir las actividades oficiales, el presidente Abinader y su delegaci\u00f3n retornar\u00e1n el mi\u00e9rcoles a la Rep\u00fablica Dominicana.<\/p>\n<p>Impactos: 20<\/p>","protected":false},"excerpt":{"rendered":"<p>El presidente Luis Abinader sali\u00f3 este martes a la Rep\u00fablica de Chile para participar en los actos oficiales de la transmisi\u00f3n de mando presidencial<\/p>\n","protected":false},"author":3,"featured_media":25072,"comment_status":"closed","ping_status":"closed","sticky":false,"template":"","format":"standard","meta":[],"categories":[3],"tags":[],"_links":{"self":[{"href":"https:\/\/hormigaradio.com\/index.php?rest_route=\/wp\/v2\/posts\/25375"}],"collection":[{"href":"https:\/\/hormigaradio.com\/index.php?rest_route=\/wp\/v2\/posts"}],"about":[{"href":"https:\/\/hormigaradio.com\/index.php?rest_route=\/wp\/v2\/types\/post"}],"author":[{"embeddable":true,"href":"https:\/\/hormigaradio.com\/index.php?rest_route=\/wp\/v2\/users\/3"}],"replies":[{"embeddable":true,"href":"https:\/\/hormigaradio.com\/index.php?rest_route=%2Fwp%2Fv2%2Fcomments&post=25375"}],"version-history":[{"count":1,"href":"https:\/\/hormigaradio.com\/index.php?rest_route=\/wp\/v2\/posts\/25375\/revisions"}],"predecessor-version":[{"id":25376,"href":"https:\/\/hormigaradio.com\/index.php?rest_route=\/wp\/v2\/posts\/25375\/revisions\/25376"}],"wp:featuredmedia":[{"embeddable":true,"href":"https:\/\/hormigaradio.com\/index.php?rest_route=\/wp\/v2\/media\/25072"}],"wp:attachment":[{"href":"https:\/\/hormigaradio.com\/index.php?rest_route=%2Fwp%2Fv2%2Fmedia&parent=25375"}],"wp:term":[{"taxonomy":"category","embeddable":true,"href":"https:\/\/hormigaradio.com\/index.php?rest_route=%2Fwp%2Fv2%2Fcategories&post=25375"},{"taxonomy":"post_tag","embeddable":true,"href":"https:\/\/hormigaradio.com\/index.php?rest_route=%2Fwp%2Fv2%2Ftags&post=25375"}],"curies":[{"name":"wp","href":"https:\/\/api.w.org\/{rel}","templated":true}]}}