{"id":25381,"date":"2026-03-11T02:01:54","date_gmt":"2026-03-11T02:01:54","guid":{"rendered":"https:\/\/hormigaradio.com\/?p=25381"},"modified":"2026-03-11T02:04:54","modified_gmt":"2026-03-11T02:04:54","slug":"se-entrega-a-la-policia-presunto-atracador-que-quedo-grabado-mientras-robaba-en-negocio-de-santiago","status":"publish","type":"post","link":"https:\/\/hormigaradio.com\/?p=25381","title":{"rendered":"SE ENTREGA A LA POLIC\u00cdA PRESUNTO ATRACADOR QUE QUED\u00d3 GRABADO MIENTRAS ROBABA EN NEGOCIO DE SANTIAGO"},"content":{"rendered":"<p>Por\u00a0<span class=\"name font-600\"><a title=\"M\u00e1ximo Laureano\" href=\"https:\/\/acento.com.do\/autor\/mlaureano.html\">M\u00e1ximo Laureano<\/a><\/span><\/p>\n<p>La\u00a0<strong>Polic\u00eda en Santiago<\/strong>\u00a0inform\u00f3 que la ma\u00f1ana de este lunes se entreg\u00f3 a las autoridades un joven identificado como\u00a0<strong>Cristofer Torres Ortiz<\/strong>, involucrado en un asalto que qued\u00f3 grabado en c\u00e1maras de los acreedores y que luego se difundi\u00f3 en redes sociales.<\/p>\n<p>Se trata de un caso en el cual dos hombres, a bordo de una motocicleta, arrebataron una cartera a una mujer y luego fueron embestidos por un carro conducido por un ciudadano haitiano que procur\u00f3 frustrar la acci\u00f3n, ocurrida en un centro comercial de la calle Duarte, en el centro urbano de\u00a0<strong>Santiago.<\/strong><\/p>\n<p>\u201cEn el audiovisual se observa a dos individuos despojar de su cartera a una mujer de nacionalidad haitiana, quien logr\u00f3 recuperar sus pertenencias\u201d, report\u00f3 la Polic\u00eda este lunes.<\/p>\n<p><iframe loading=\"lazy\" title=\"Se entreg\u00f3 uno de los presunto asaltantes que fueron embestidos por un conductor en Santiago\" src=\"https:\/\/geo.dailymotion.com\/player.html?video=xa1o6mg&amp;\" width=\"500\" height=\"625\" frameborder=\"0\" allowfullscreen=\"allowfullscreen\" data-mce-fragment=\"1\"><\/iframe><\/p>\n<section id=\"newsletter\">\n<header class=\"newsletter__header\"><\/header>\n<p class=\"newsletter__disclaimer\">\n<\/section>\n<p>En el incidente, los hombres que se desplazaban en la motocicleta fueron impactados por un veh\u00edculo\u00a0<strong>Hyundai,<\/strong>\u00a0blanco, que intervino para frustrar el robo. En la escena fue dejada abandonada una motocicleta marca Z3000, color negro. En ese momento, los presuntos delincuentes lograron salir de la escena.<\/p>\n<p><strong>Torres Ortiz<\/strong>\u00a0fue llevado a las oficinas del director de la\u00a0<strong>Polic\u00eda Nacional<\/strong>\u00a0en Santiago, general\u00a0<strong>Jes\u00fas Rafael Tejada Tejada<\/strong>, quien asegur\u00f3 que se cumplir\u00e1n los preceptos de ley contemplados para estos, para ser sometido a la justicia.<\/p>\n<div class=\"banner-box\"><\/div>\n<div class=\"sbi-embed-wrap\"><iframe id=\"instagram-embed-0\" class=\"instagram-media sbi-embed instagram-media-rendered\" src=\"https:\/\/www.instagram.com\/reel\/DVq8jkRiequ\/embed\/captioned\/?cr=1&amp;v=14&amp;wp=716&amp;rd=https%3A%2F%2Facento.com.do&amp;rp=%2Factualidad%2Fse-entrega-a-la-policia-presunto-atracador-que-quedo-grabado-mientras-robaba-en-negocio-de-santiago-9638117.html#%7B%22ci%22%3A0%2C%22os%22%3A1591.5999999046326%7D\" height=\"1097\" frameborder=\"0\" scrolling=\"no\" allowfullscreen=\"allowfullscreen\" data-instgrm-payload-id=\"instagram-media-payload-0\" data-mce-fragment=\"1\"><\/iframe><\/div>\n<p>El director local de la instituci\u00f3n llam\u00f3 a un segundo implicado a entregarse por la v\u00eda que considere de lugar y advirti\u00f3 que contin\u00faan las labores de seguimiento.<\/p>\n<p>En relaci\u00f3n con el hecho que se le imputa,\u00a0<strong>Torres Ortiz<\/strong>\u00a0dijo que tiene problemas mentales y que por eso se dej\u00f3 convencer para participar en la acci\u00f3n.<\/p>\n<p>Impactos: 18<\/p>","protected":false},"excerpt":{"rendered":"<p>Por\u00a0M\u00e1ximo Laureano La\u00a0Polic\u00eda en Santiago\u00a0inform\u00f3 que la ma\u00f1ana de este lunes se entreg\u00f3 a las autoridades un joven identificado como\u00a0Cristofer Torres Ortiz, involucrado en<\/p>\n","protected":false},"author":3,"featured_media":25383,"comment_status":"closed","ping_status":"closed","sticky":false,"template":"","format":"standard","meta":[],"categories":[3],"tags":[],"_links":{"self":[{"href":"https:\/\/hormigaradio.com\/index.php?rest_route=\/wp\/v2\/posts\/25381"}],"collection":[{"href":"https:\/\/hormigaradio.com\/index.php?rest_route=\/wp\/v2\/posts"}],"about":[{"href":"https:\/\/hormigaradio.com\/index.php?rest_route=\/wp\/v2\/types\/post"}],"author":[{"embeddable":true,"href":"https:\/\/hormigaradio.com\/index.php?rest_route=\/wp\/v2\/users\/3"}],"replies":[{"embeddable":true,"href":"https:\/\/hormigaradio.com\/index.php?rest_route=%2Fwp%2Fv2%2Fcomments&post=25381"}],"version-history":[{"count":1,"href":"https:\/\/hormigaradio.com\/index.php?rest_route=\/wp\/v2\/posts\/25381\/revisions"}],"predecessor-version":[{"id":25382,"href":"https:\/\/hormigaradio.com\/index.php?rest_route=\/wp\/v2\/posts\/25381\/revisions\/25382"}],"wp:featuredmedia":[{"embeddable":true,"href":"https:\/\/hormigaradio.com\/index.php?rest_route=\/wp\/v2\/media\/25383"}],"wp:attachment":[{"href":"https:\/\/hormigaradio.com\/index.php?rest_route=%2Fwp%2Fv2%2Fmedia&parent=25381"}],"wp:term":[{"taxonomy":"category","embeddable":true,"href":"https:\/\/hormigaradio.com\/index.php?rest_route=%2Fwp%2Fv2%2Fcategories&post=25381"},{"taxonomy":"post_tag","embeddable":true,"href":"https:\/\/hormigaradio.com\/index.php?rest_route=%2Fwp%2Fv2%2Ftags&post=25381"}],"curies":[{"name":"wp","href":"https:\/\/api.w.org\/{rel}","templated":true}]}}