{"id":25388,"date":"2026-03-11T03:55:31","date_gmt":"2026-03-11T03:55:31","guid":{"rendered":"https:\/\/hormigaradio.com\/?p=25388"},"modified":"2026-03-11T03:55:31","modified_gmt":"2026-03-11T03:55:31","slug":"el-pinochetista-jose-antonio-kast-asume-este-miercoles-la-presidencia-de-chile","status":"publish","type":"post","link":"https:\/\/hormigaradio.com\/?p=25388","title":{"rendered":"EL PINOCHETISTA JOS\u00c9 ANTONIO KAST ASUME ESTE MI\u00c9RCOLES LA PRESIDENCIA DE CHILE"},"content":{"rendered":"<figure><\/figure>\n<div class=\"nota-bottom-author__desktop-flex-container\">\n<div>\n<h3 class=\"nota-bottom-author__name\"><a title=\"France24\" href=\"https:\/\/acento.com.do\/autor\/france24.html\">France24<\/a><\/h3>\n<\/div>\n<\/div>\n<p><a href=\"https:\/\/www.google.com\/search?q=Jos%C3%A9+Antonio+Kast,+france+24&amp;oq=Jos%C3%A9+Antonio+Kast,+france+24&amp;gs_lcrp=EgZjaHJvbWUyBggAEEUYOTIICAEQABgWGB4yCggCEAAYgAQYogQyCggDEAAYgAQYogQyCggEEAAYgAQYogQyBwgFEAAY7wUyCggGEAAYgAQYogTSAQgxODAxajBqOagCBrACAfEFziHUPCWmn9U&amp;sourceid=chrome&amp;ie=UTF-8\">Jos\u00e9 Antonio Kast,<\/a>\u00a0quien asume el poder en Chile este mi\u00e9rcoles 11 de marzo, est\u00e1 ahora a cargo de gestionar una crisis que ha afectado a todo el mundo al suceder al izquierdista Gabriel Boric. El pa\u00eds es el protagonista de la producci\u00f3n de cobre global y una de las principales econom\u00edas de Latinoam\u00e9rica.<\/p>\n<p>Un portavoz del equipo econ\u00f3mico de\u00a0Kast\u00a0afirm\u00f3 que no se prev\u00e9n contingencias econ\u00f3micas por el momento, pero no proporcion\u00f3 m\u00e1s detalles sobre c\u00f3mo los acontecimientos recientes, en especial la guerra en Medio Oriente, afectar\u00edan su agenda econ\u00f3mica.<\/p>\n<p>Es que, este mi\u00e9rcoles 10 de marzo, por primera vez en democracia, la extrema derecha llega al poder en Chile.\u00a0 Kast lleg\u00f3 , precisamente, con las promesas de dar soluci\u00f3n a las principales preocupaciones ciudadanas -seguridad, migraci\u00f3n irregular y econom\u00eda-.<\/p>\n<p><a href=\"https:\/\/www.france24.com\/es\/am%C3%A9rica-latina\/20251216-kast-y-su-agenda-internacional-apoyo-a-ee-uu-sobre-venezuela-y-corredor-para-deportar-migrantes\">Kast, de 60 a\u00f1os, asume la Presidencia en reemplazo de Boric\u00a0<\/a>en una ceremonia el mi\u00e9rcoles en el Parlamento chileno, en la ciudad costera de Valpara\u00edso, a la que acuden varios jefes de Estado y Gobierno de Europa y Am\u00e9rica, como el rey Felipe VI de Espa\u00f1a, el argentino Javier Milei o el ecuatoriano Daniel Noboa, entre otros.<\/p>\n<section id=\"newsletter\">\n<header class=\"newsletter__header\"><\/header>\n<p class=\"newsletter__disclaimer\">Ya se preve\u00eda que a la investidura concurrieran l\u00edderes de la ultraderecha mundial, a los que Kast visit\u00f3 en varios viajes entre diciembre y febrero, pero finalmente no estar\u00e1n el h\u00fangaro Viktor Orb\u00e1n, el salvadore\u00f1o Nayib Bukele ni la italiana Giorgia Meloni.<\/p>\n<\/section>\n<p>Se hab\u00eda especulado adem\u00e1s con la participaci\u00f3n del secretario de Estado estadounidense, Marco Rubio, pero al final viajar\u00e1 el subsecretario Christopher Landau.<\/p>\n<p>En la jornada de toma de posesi\u00f3n, Kast ofrecer\u00e1 un discurso desde La Moneda, sede de Gobierno, convertido ya en el noveno presidente de la democracia y<a href=\"https:\/\/www.france24.com\/es\/am%C3%A9rica-latina\/20260304-chile-por-qu%C3%A9-boric-y-kast-sepultaron-el-di%C3%A1logo-en-v%C3%ADsperas-del-cambio-de-mando\">\u00a0en el primero en defender el r\u00e9gimen de Augusto Pinochet (1973-1990).<\/a><\/p>\n<p class=\"a-read-more\"><span class=\"a-read-more__label\">Leer tambi\u00e9n<\/span><a class=\"a-read-more__link\" href=\"https:\/\/www.france24.com\/es\/am%C3%A9rica-latina\/20260304-chile-por-qu%C3%A9-boric-y-kast-sepultaron-el-di%C3%A1logo-en-v%C3%ADsperas-del-cambio-de-mando\">Chile: \u00bfpor qu\u00e9 Boric y Kast sepultaron el di\u00e1logo en v\u00edsperas del cambio de mando?<\/a><\/p>\n<h2><strong>Un mandato de &#8220;incertidumbre&#8221;<\/strong><\/h2>\n<p>El exdiputado ultracat\u00f3lico liderar\u00e1 un gabinete de 24 ministros (13 hombres y 11 mujeres), vinculados en su mayor\u00eda con el sector privado y al acad\u00e9mico y entre los que hay dos antiguos abogados de Pinochet.<\/p>\n<p>Kast reserv\u00f3 pocos ministerios para miembros de su partido, el Republicano, y para las formaciones pol\u00edticas de la derecha tradicional que le apoyaron en la segunda vuelta de diciembre (UDI, Renovaci\u00f3n Nacional y Ev\u00f3poli), cuando arras\u00f3 con el 58 % de los votos.<\/p>\n<div class=\"related-news\">\n<div class=\"related-news__fake-slider\">\n<article>\n<h3 class=\"font-600\"><span style=\"font-size: 16px;\">Padre de 9 hijos, antiabortista y miembro del movimiento cat\u00f3lico Schoenstatt, el futuro presidente ha prometido mano dura contra la migraci\u00f3n irregular y la delincuencia, en uno de los pa\u00edses m\u00e1s seguros de la regi\u00f3n, y ha asegurado que no dar\u00e1 la &#8220;batalla cultural&#8221;.<\/span><\/h3>\n<\/article>\n<\/div>\n<\/div>\n<p><a href=\"https:\/\/www.france24.com\/es\/am%C3%A9rica-latina\/20251216-kast-y-su-agenda-internacional-apoyo-a-ee-uu-sobre-venezuela-y-corredor-para-deportar-migrantes\">Su objetivo es &#8220;recuperar la grandeza de Chile&#8221; y entre sus promesas estrella se encuentran la construcci\u00f3n de un muro en la frontera norte,<\/a>\u00a0la expulsi\u00f3n masiva de migrantes, rebajas de impuestos, un crecimiento del 4 % y un megarrecorte de 6.000 millones de d\u00f3lares en 18 meses &#8220;sin tocar el gasto social&#8221;, algo cuestionado de manera transversal por economistas.<\/p>\n<p class=\"a-read-more\"><span class=\"a-read-more__label\">Leer tambi\u00e9n<\/span><a class=\"a-read-more__link\" href=\"https:\/\/www.france24.com\/es\/am%C3%A9rica-latina\/20251216-kast-y-su-agenda-internacional-apoyo-a-ee-uu-sobre-venezuela-y-corredor-para-deportar-migrantes\">Kast y su agenda internacional: \u201capoyo\u201d a EE.UU. sobre Venezuela y corredor para deportar migrantes<\/a><\/p>\n<p>&#8220;Uno de sus principales retos es gestionar las enormes expectativas que cre\u00f3, a la vez que ordenar a sus adherentes&#8221;, dice Rodrigo P\u00e9rez de Arce, de la Universidad del Desarrollo, quien considera que &#8220;es muy probable que el Gobierno tenga presi\u00f3n por la derecha&#8221;.<\/p>\n<p>Esa presi\u00f3n vendr\u00eda fundamentalmente del Partido Nacional Libertario, una ultraderecha m\u00e1s radical que Kast, que tiene una importante presencia parlamentaria y que, pese a darle su apoyo en el balotaje, decidi\u00f3 no formar parte del Ejecutivo.<\/p>\n<p>Claudio Fuentes, de la Universidad Diego Portales, coincide:<\/p>\n<blockquote class=\"quote\"><p>&#8220;Creo que hay bastante incertidumbre del rumbo que va a tener este Gobierno&#8221;, reconoci\u00f3 a EFE.<\/p><\/blockquote>\n<h2><strong>Traspaso complejo<\/strong><\/h2>\n<p>Kast suceder\u00e1 en el cargo al progresista Gabriel Boric, el mismo que hace cuatro a\u00f1os le gan\u00f3 en las urnas y que ma\u00f1ana dejar\u00e1 La Moneda con 40 a\u00f1os reci\u00e9n cumplidos y tras haber llevado al poder a una nueva izquierda.<\/p>\n<p>Pese a la distancia ideol\u00f3gica que les separa, el traspaso de mando transcurr\u00eda con normalidad hasta que<a href=\"https:\/\/www.france24.com\/es\/am%C3%A9rica-latina\/20260304-chile-por-qu%C3%A9-boric-y-kast-sepultaron-el-di%C3%A1logo-en-v%C3%ADsperas-del-cambio-de-mando\">\u00a0la cordialidad salt\u00f3 por los aires cuando Kast acus\u00f3 a Boric de esconderle informaci\u00f3n sobre un proyecto en etapa preliminar\u00a0<\/a>para construir un cable digital submarino entre Hong Kong y Chile, algo que el exl\u00edder estudiantil neg\u00f3.<\/p>\n<div class=\"related-news\"><\/div>\n<p>El proyecto desat\u00f3 el enfado de la Administraci\u00f3n de Donald Trump, que sancion\u00f3 a tres funcionarios por &#8220;socavar la seguridad regional&#8221;.<\/p>\n<p>En una decisi\u00f3n in\u00e9dita en democracia, Kast suspendi\u00f3 la semana pasada las reuniones con la Administraci\u00f3n saliente y, en plena tensi\u00f3n diplom\u00e1tica con Estados Unidos, viaj\u00f3 a Miami para participar el s\u00e1bado en la cumbre ultra organizada por Trump contra el crimen organizado y la influencia de China en la regi\u00f3n.<\/p>\n<p>&#8220;La decisi\u00f3n de golpear la mesa y suspender el traspaso de mando es reflejo precisamente de la presi\u00f3n que ejerce en Kast ese grupo m\u00e1s radical y confrontacional&#8221;, apunt\u00f3 Fuentes.<\/p>\n<p>Tendr\u00e1 que lidiar con un Parlamento dividido, donde el bloque de derecha y ultraderecha est\u00e1 a dos diputados de la mayor\u00eda en el Congreso (78) y donde ser\u00e1n fundamentales los votos del populista Partido de la Gente (PDG).<\/p>\n<p><strong>Con EFE y Reuters<\/strong><\/p>\n<p>Impactos: 21<\/p>","protected":false},"excerpt":{"rendered":"<p>France24 Jos\u00e9 Antonio Kast,\u00a0quien asume el poder en Chile este mi\u00e9rcoles 11 de marzo, est\u00e1 ahora a cargo de gestionar una crisis que ha<\/p>\n","protected":false},"author":3,"featured_media":25069,"comment_status":"closed","ping_status":"closed","sticky":false,"template":"","format":"standard","meta":[],"categories":[22],"tags":[],"_links":{"self":[{"href":"https:\/\/hormigaradio.com\/index.php?rest_route=\/wp\/v2\/posts\/25388"}],"collection":[{"href":"https:\/\/hormigaradio.com\/index.php?rest_route=\/wp\/v2\/posts"}],"about":[{"href":"https:\/\/hormigaradio.com\/index.php?rest_route=\/wp\/v2\/types\/post"}],"author":[{"embeddable":true,"href":"https:\/\/hormigaradio.com\/index.php?rest_route=\/wp\/v2\/users\/3"}],"replies":[{"embeddable":true,"href":"https:\/\/hormigaradio.com\/index.php?rest_route=%2Fwp%2Fv2%2Fcomments&post=25388"}],"version-history":[{"count":1,"href":"https:\/\/hormigaradio.com\/index.php?rest_route=\/wp\/v2\/posts\/25388\/revisions"}],"predecessor-version":[{"id":25389,"href":"https:\/\/hormigaradio.com\/index.php?rest_route=\/wp\/v2\/posts\/25388\/revisions\/25389"}],"wp:featuredmedia":[{"embeddable":true,"href":"https:\/\/hormigaradio.com\/index.php?rest_route=\/wp\/v2\/media\/25069"}],"wp:attachment":[{"href":"https:\/\/hormigaradio.com\/index.php?rest_route=%2Fwp%2Fv2%2Fmedia&parent=25388"}],"wp:term":[{"taxonomy":"category","embeddable":true,"href":"https:\/\/hormigaradio.com\/index.php?rest_route=%2Fwp%2Fv2%2Fcategories&post=25388"},{"taxonomy":"post_tag","embeddable":true,"href":"https:\/\/hormigaradio.com\/index.php?rest_route=%2Fwp%2Fv2%2Ftags&post=25388"}],"curies":[{"name":"wp","href":"https:\/\/api.w.org\/{rel}","templated":true}]}}