{"id":25390,"date":"2026-03-11T04:05:21","date_gmt":"2026-03-11T04:05:21","guid":{"rendered":"https:\/\/hormigaradio.com\/?p=25390"},"modified":"2026-03-11T04:05:21","modified_gmt":"2026-03-11T04:05:21","slug":"25390","status":"publish","type":"post","link":"https:\/\/hormigaradio.com\/?p=25390","title":{"rendered":""},"content":{"rendered":"<p>Por\u00a0<span class=\"name font-600\"><a title=\"Servicios de Acento.com.do\" href=\"https:\/\/acento.com.do\/autor\/servicios.html\">Servicios de Acento.com.do<\/a><\/span><\/p>\n<p>El presidente de Chile, Gabriel Boric, afirm\u00f3 este martes que el pa\u00eds &#8220;est\u00e1 mejor que hace cuatro a\u00f1os&#8221; y que seguir\u00e1 trabajando para hacerlo &#8220;m\u00e1s justo, digno e igualitario&#8221;, en su \u00faltimo discurso televisado como mandatario horas antes de traspasar ma\u00f1ana el mando a Jos\u00e9 Antonio Kast, que se convertir\u00e1 en el primer jefe de Estado de la ultraderecha pinochetista de la democracia chilena.<\/p>\n<p>&#8220;Soy un presidente joven que asumi\u00f3 esta responsabilidad a los 36 a\u00f1os, y la termina a los 40. Tom\u00e9 con humildad el mandato que ustedes me dieran, y les prometo que durante todo este tiempo he dado lo mejor de m\u00ed para estar a la altura de esta tremenda responsabilidad&#8221;, dijo Boric desde el palacio de La Moneda.<\/p>\n<p><iframe loading=\"lazy\" src=\"https:\/\/www.dailymotion.com\/embed\/video\/xa1oqdy\" width=\"480\" height=\"270\" allowfullscreen=\"allowfullscreen\" data-mce-fragment=\"1\"><\/iframe><\/p>\n<p>&#8220;Puedo decirles con tranquilidad que me voy con la frente en alto y con las manos limpias&#8221;, subray\u00f3 el mandatario, que a su vez lament\u00f3 no haber podido terminar con la deuda financiera de estudiantes universitarios y el proyecto de sala cuna.<\/p>\n<section id=\"newsletter\">\n<header class=\"newsletter__header\"><\/header>\n<p class=\"newsletter__disclaimer\">Detall\u00f3 que &#8220;en ambos proyectos, pese a tener consenso t\u00e9cnico, no logramos el consenso pol\u00edtico&#8221;.<\/p>\n<\/section>\n<p>En una alocuci\u00f3n de aproximadamente 10 minutos, Boric tambi\u00e9n reconoci\u00f3 errores cometidos durante su Administraci\u00f3n, como la gesti\u00f3n del llamado Caso Monsalve, donde el exsubsecretario del Interior Manuel Monsalve fue arrestado por presuntos delitos de violaci\u00f3n y abuso sexual, y la fallida compraventa de la casa del ex mandatario Salvador Allende (1970-1973), hito por el que diversas autoridades fueron cuestionadas.<\/p>\n<p>&#8220;Les aseguro que ma\u00f1ana tendremos un cambio de mando impecable. Me despido con gran emoci\u00f3n, con gran agradecimiento, y con la certeza de que est\u00e9 donde est\u00e9, vamos a seguir trabajando desde cualquier lugar, desde donde estemos por construir un Chile m\u00e1s justo, digno e igualitario, con la esperanza intacta&#8221;, concluy\u00f3 Boric.<\/p>\n<p>Militante del Frente Amplio y parlamentario durante los periodos legislativos 2014-2018 y 2018-2022, Boric se transform\u00f3 en el jefe de Estado m\u00e1s joven de la historia chilena, encumbrado a la primera magistratura con el apoyo de fuerzas de la centroizquierda tradicional chilena y el Partido Comunista.<\/p>\n<p>Al mediod\u00eda de ma\u00f1ana, Boric, que dejar\u00e1 el cargo con una aprobaci\u00f3n cercana al 30 %, traspasar\u00e1 la banda presidencial a Jos\u00e9 Antonio Kast, abogado ultracat\u00f3lico de 60 a\u00f1os que llegar\u00e1 al poder siendo el primer presidente en respaldar abiertamente la dictadura de Augusto Pinochet (1973-1990).<\/p>\n<p>Padre de 9 hijos y antiabortista ac\u00e9rrimo, el futuro presidente ha prometido que no dar\u00e1 la &#8220;batalla cultural&#8221; en materia de libertades individuales y derechos sexuales y reproductivos y que instalar\u00e1 un &#8220;Gobierno de emergencia&#8221; para centrarse en las principales preocupaciones de los chilenos (seguridad, migraci\u00f3n irregular y econom\u00eda).<\/p>\n<h2>Boric y Kast liman asperezas tras choque por cable submarino chino<\/h2>\n<div class=\"narrow-container\">\n<div class=\"story-text\" data-id=\"story_page_story_content\">\n<div class=\"story-content ng-star-inserted\">\n<div class=\"content-inner-html copyTarget ng-star-inserted\">\n<article>Boric y se reunieron el domingo para limar asperezas despu\u00e9s del quiebre por un proyecto de cable submarino chino.&#8221;Doy por superadas las diferencias que pudieran haber existido. Le garantizo a los chilenos y chilenas que el mi\u00e9rcoles 11 de marzo tendremos un cambio de mando impecable&#8221;, dijo Boric en conferencia de prensa tras reunirse con Kast por una hora en el palacio presidencial de La Moneda en Santiago.El mandatario indic\u00f3 que el fin de la reuni\u00f3n fue retomar la entrega de informaci\u00f3n importante para el pr\u00f3ximo gobierno y asegurar la transparencia.Crisis de inversi\u00f3n de Shell en energ\u00eda limpia de Brasil<\/p>\n<p>El objetivo &#8220;es que no haya ninguna duda de la plena voluntad de transparencia en todo lo relevante (\u2026) Particularmente en materias que son de Estado, de seguridad&#8221;, se\u00f1al\u00f3 Boric.<\/p>\n<p>&#8220;Concordamos en que har\u00edamos todo lo necesario para que este sea un acto republicano de cambio de mando&#8221;, dijo por su parte Kast tras la reuni\u00f3n.<\/p>\n<p>El presidente electo hab\u00eda terminado abruptamente el martes las reuniones de transici\u00f3n tras acusar a Boric de no compartir informaci\u00f3n sobre un proyecto que implica la construcci\u00f3n de un cable de fibra \u00f3ptica por parte de la multinacional China Mobile para unir Asia con las costas chilenas.<\/p>\n<p>Actualmente, la cobertura digital de Chile depende casi totalmente de cables que pasan por Estados Unidos. El gobierno estadounidense estima que el proyecto entre China y Chile socava la seguridad regional.<\/p>\n<p>De acuerdo a las autoridades locales, la iniciativa est\u00e1 todav\u00eda en etapa de evaluaci\u00f3n.<\/p>\n<p><strong>(CON INFORMACIONES DE LAS AGENCIAS EFE Y AFP)<\/strong><\/p>\n<\/article>\n<\/div>\n<\/div>\n<\/div>\n<\/div>\n<p>Impactos: 23<\/p>","protected":false},"excerpt":{"rendered":"<p>Por\u00a0Servicios de Acento.com.do El presidente de Chile, Gabriel Boric, afirm\u00f3 este martes que el pa\u00eds &#8220;est\u00e1 mejor que hace cuatro a\u00f1os&#8221; y que seguir\u00e1<\/p>\n","protected":false},"author":3,"featured_media":25391,"comment_status":"closed","ping_status":"closed","sticky":false,"template":"","format":"standard","meta":[],"categories":[22],"tags":[],"_links":{"self":[{"href":"https:\/\/hormigaradio.com\/index.php?rest_route=\/wp\/v2\/posts\/25390"}],"collection":[{"href":"https:\/\/hormigaradio.com\/index.php?rest_route=\/wp\/v2\/posts"}],"about":[{"href":"https:\/\/hormigaradio.com\/index.php?rest_route=\/wp\/v2\/types\/post"}],"author":[{"embeddable":true,"href":"https:\/\/hormigaradio.com\/index.php?rest_route=\/wp\/v2\/users\/3"}],"replies":[{"embeddable":true,"href":"https:\/\/hormigaradio.com\/index.php?rest_route=%2Fwp%2Fv2%2Fcomments&post=25390"}],"version-history":[{"count":1,"href":"https:\/\/hormigaradio.com\/index.php?rest_route=\/wp\/v2\/posts\/25390\/revisions"}],"predecessor-version":[{"id":25392,"href":"https:\/\/hormigaradio.com\/index.php?rest_route=\/wp\/v2\/posts\/25390\/revisions\/25392"}],"wp:featuredmedia":[{"embeddable":true,"href":"https:\/\/hormigaradio.com\/index.php?rest_route=\/wp\/v2\/media\/25391"}],"wp:attachment":[{"href":"https:\/\/hormigaradio.com\/index.php?rest_route=%2Fwp%2Fv2%2Fmedia&parent=25390"}],"wp:term":[{"taxonomy":"category","embeddable":true,"href":"https:\/\/hormigaradio.com\/index.php?rest_route=%2Fwp%2Fv2%2Fcategories&post=25390"},{"taxonomy":"post_tag","embeddable":true,"href":"https:\/\/hormigaradio.com\/index.php?rest_route=%2Fwp%2Fv2%2Ftags&post=25390"}],"curies":[{"name":"wp","href":"https:\/\/api.w.org\/{rel}","templated":true}]}}