{"id":25393,"date":"2026-03-11T04:14:21","date_gmt":"2026-03-11T04:14:21","guid":{"rendered":"https:\/\/hormigaradio.com\/?p=25393"},"modified":"2026-03-11T04:15:17","modified_gmt":"2026-03-11T04:15:17","slug":"otro-joven-involucrado-en-atraco-es-entregado-por-su-madre","status":"publish","type":"post","link":"https:\/\/hormigaradio.com\/?p=25393","title":{"rendered":"OTRO JOVEN INVOLUCRADO EN ATRACO ES ENTREGADO POR SU MADRE"},"content":{"rendered":"<p>Por\u00a0<span class=\"name font-600\"><a title=\"M\u00e1ximo Laureano\" href=\"https:\/\/acento.com.do\/autor\/mlaureano.html\">M\u00e1ximo Laureano<\/a><\/span><\/p>\n<p>David Jim\u00e9nez F\u00e9liz, de 18 a\u00f1os de edad, timonel de la motocicleta embestida por un carro cuyo conductor frustr\u00f3 un atraco a una mujer en el centro urbano de Santiago, fue entregado la tarde del mi\u00e9rcoles a la Polic\u00eda por su madre y la mediaci\u00f3n del comunicador Orlando Reyes.<\/p>\n<p><iframe loading=\"lazy\" title=\"Otro joven involucrado en atraco (viral) es entregado por su madre\" src=\"https:\/\/geo.dailymotion.com\/player.html?video=xa1ousm&amp;\" width=\"421\" height=\"750\" frameborder=\"0\" allowfullscreen=\"allowfullscreen\" data-mce-fragment=\"1\"><\/iframe><\/p>\n<p>Jim\u00e9nez F\u00e9liz es el segundo implicado en el arrebato de una cartera y un tel\u00e9fono celular, acci\u00f3n filmada y difundida en las plataformas de redes sociales.\u00a0M\u00e1s temprano se entreg\u00f3 el joven Cristofer Torres Ortiz.<\/p>\n<p>Ambos fueron presentados en las oficinas del director de la Polic\u00eda en esta sede, el general Jes\u00fas Rafael Tejada Tejada, quien al recibirlos reiter\u00f3 que se respetar\u00e1n sus derechos y ser\u00e1n sometidos a la justicia a fin de que el Ministerio P\u00fablico solicite medida de coerci\u00f3n.<\/p>\n<section id=\"newsletter\">\n<header class=\"newsletter__header\"><\/header>\n<p class=\"newsletter__disclaimer\">Tras la entrega de David Jim\u00e9nez F\u00e9liz, su madre dijo que no era un joven de mal comportamiento y clam\u00f3 al director local de la Polic\u00eda \u201cque no le pongan la mano\u201d a su hijo.<\/p>\n<\/section>\n<p>El atraco a la mujer de nacionalidad haitiana, que luego recuper\u00f3 sus pertenencias, ocurri\u00f3 en la calle Duarte, esquina Salvador Cucurullo, pr\u00f3ximo a la avenida Las Carreras.<\/p>\n<p>&nbsp;<\/p>\n<p>Impactos: 18<\/p>","protected":false},"excerpt":{"rendered":"<p>Por\u00a0M\u00e1ximo Laureano David Jim\u00e9nez F\u00e9liz, de 18 a\u00f1os de edad, timonel de la motocicleta embestida por un carro cuyo conductor frustr\u00f3 un atraco a<\/p>\n","protected":false},"author":3,"featured_media":25395,"comment_status":"closed","ping_status":"closed","sticky":false,"template":"","format":"standard","meta":[],"categories":[3],"tags":[],"_links":{"self":[{"href":"https:\/\/hormigaradio.com\/index.php?rest_route=\/wp\/v2\/posts\/25393"}],"collection":[{"href":"https:\/\/hormigaradio.com\/index.php?rest_route=\/wp\/v2\/posts"}],"about":[{"href":"https:\/\/hormigaradio.com\/index.php?rest_route=\/wp\/v2\/types\/post"}],"author":[{"embeddable":true,"href":"https:\/\/hormigaradio.com\/index.php?rest_route=\/wp\/v2\/users\/3"}],"replies":[{"embeddable":true,"href":"https:\/\/hormigaradio.com\/index.php?rest_route=%2Fwp%2Fv2%2Fcomments&post=25393"}],"version-history":[{"count":1,"href":"https:\/\/hormigaradio.com\/index.php?rest_route=\/wp\/v2\/posts\/25393\/revisions"}],"predecessor-version":[{"id":25394,"href":"https:\/\/hormigaradio.com\/index.php?rest_route=\/wp\/v2\/posts\/25393\/revisions\/25394"}],"wp:featuredmedia":[{"embeddable":true,"href":"https:\/\/hormigaradio.com\/index.php?rest_route=\/wp\/v2\/media\/25395"}],"wp:attachment":[{"href":"https:\/\/hormigaradio.com\/index.php?rest_route=%2Fwp%2Fv2%2Fmedia&parent=25393"}],"wp:term":[{"taxonomy":"category","embeddable":true,"href":"https:\/\/hormigaradio.com\/index.php?rest_route=%2Fwp%2Fv2%2Fcategories&post=25393"},{"taxonomy":"post_tag","embeddable":true,"href":"https:\/\/hormigaradio.com\/index.php?rest_route=%2Fwp%2Fv2%2Ftags&post=25393"}],"curies":[{"name":"wp","href":"https:\/\/api.w.org\/{rel}","templated":true}]}}