{"id":25399,"date":"2026-03-13T03:21:34","date_gmt":"2026-03-13T03:21:34","guid":{"rendered":"https:\/\/hormigaradio.com\/?p=25399"},"modified":"2026-03-13T03:22:11","modified_gmt":"2026-03-13T03:22:11","slug":"solicitan-prision-preventiva-para-jovenes-motorizados-por-asalto","status":"publish","type":"post","link":"https:\/\/hormigaradio.com\/?p=25399","title":{"rendered":"SOLICITAN PRISI\u00d3N PREVENTIVA PARA J\u00d3VENES MOTORIZADOS POR ASALTO"},"content":{"rendered":"<p>Por\u00a0<span class=\"name font-600\"><a title=\"M\u00e1ximo Laureano\" href=\"https:\/\/acento.com.do\/autor\/mlaureano.html\">M\u00e1ximo Laureano<\/a><\/span><\/p>\n<p>El Ministerio P\u00fablico solicit\u00f3 que se imponga medidas de coerci\u00f3n consistente en prisi\u00f3n preventiva contra los dos j\u00f3venes motorizados a quienes se le imputa asociarse para cometer un asalto en el centro urbano de Santiago, acci\u00f3n en la cual despojaron de sus pertenencias a una mujer de nacionalidad haitiana y tras ello fueron atropellados por el conductor de un veh\u00edculo testigo del hecho delictivo.<\/p>\n<p>Lo uno y lo otro qued\u00f3 filmado y que se divulg\u00f3 en plataformas de redes sociales el mismo d\u00eda del atraco, el 8 de marzo del 2026 en la calle Duarte, esquina Salvador Cucurullo.<\/p>\n<p><img loading=\"lazy\" class=\"alignright wp-image-25395 size-medium\" src=\"http:\/\/hormigaradio.com\/wp-content\/uploads\/2026\/03\/WhatsApp-Image-2026-03-10-at-11.00.32-PM-300x225.jpeg\" alt=\"\" width=\"300\" height=\"225\" srcset=\"https:\/\/hormigaradio.com\/wp-content\/uploads\/2026\/03\/WhatsApp-Image-2026-03-10-at-11.00.32-PM-300x225.jpeg 300w, https:\/\/hormigaradio.com\/wp-content\/uploads\/2026\/03\/WhatsApp-Image-2026-03-10-at-11.00.32-PM-1024x768.jpeg 1024w, https:\/\/hormigaradio.com\/wp-content\/uploads\/2026\/03\/WhatsApp-Image-2026-03-10-at-11.00.32-PM-768x576.jpeg 768w, https:\/\/hormigaradio.com\/wp-content\/uploads\/2026\/03\/WhatsApp-Image-2026-03-10-at-11.00.32-PM-1536x1152.jpeg 1536w, https:\/\/hormigaradio.com\/wp-content\/uploads\/2026\/03\/WhatsApp-Image-2026-03-10-at-11.00.32-PM.jpeg 1600w\" sizes=\"(max-width: 300px) 100vw, 300px\" \/><\/p>\n<p>La solicitud de medidas de coerci\u00f3n de prisi\u00f3n preventiva involucra a los j\u00f3venes David Jim\u00e9nez Feliz y Christopher Torres Ortiz, quienes se entregaron a la Polic\u00eda el pasado 11 de marzo con la mediaci\u00f3n de familiares y el periodista Orlando Reyes,\u00a0 en la Direcci\u00f3n Regional\u00a0 Cibao Central de la Polic\u00eda Nacional.<\/p>\n<p>Los j\u00f3venes se\u00f1alados como responsables del asalto se transportaban en una motocicleta, Z3000 CG200 (negra), conducida por Jim\u00e9nez Feliz, de 18 a\u00f1os de edad. Cristofer Torres Ortiz es se\u00f1alado como la persona que arrebat\u00f3 un tel\u00e9fono celular y una cartera a la mujer, dinero efectivo y otras pertenencias.<\/p>\n<section id=\"newsletter\">\n<header class=\"newsletter__header\"><\/header>\n<p class=\"newsletter__disclaimer\">La acci\u00f3n de los presuntos delincuentes qued\u00f3 grabada al igual que el momento en el cual un hombre que conduc\u00eda un carro embisti\u00f3 la motocicleta con el fin de frustrar el robo.<\/p>\n<\/section>\n<p>Las autoridades no han identificado el conductor del veh\u00edculo, debido a que se alega que se debe proteger al ciudadano, quien tambi\u00e9n es de nacionalidad haitiana.<\/p>\n<p>\u201cEl Ministerio P\u00fablico cuenta con los videos de las c\u00e1maras de vigilancia que captaron las incidencias, los cuales fueron debidamente levantados por la Direcci\u00f3n Central de Investigaci\u00f3n, Direcci\u00f3n de \u00c1rea de Polic\u00eda Cibern\u00e9tica (Dicat)\u201d, reportaron las autoridades este jueves.<\/p>\n<p>A los procesados se les imputa violaci\u00f3n a los art\u00edculos 265, 266, 2, 379, 382, 383 y 386-2 del C\u00f3digo Penal dominicano, que tipifican los delitos por asociaci\u00f3n de malhechores y tentativa de robo con violencia en la v\u00eda p\u00fablica, la media de coerci\u00f3n est\u00e1 pautada para este viernes aplaz\u00f3 la audiencia para ma\u00f1ana viernes 13 de marzo.<\/p>\n<table>\n<tbody>\n<tr>\n<td><\/td>\n<td><\/td>\n<\/tr>\n<\/tbody>\n<\/table>\n<p>Impactos: 21<\/p>","protected":false},"excerpt":{"rendered":"<p>Por\u00a0M\u00e1ximo Laureano El Ministerio P\u00fablico solicit\u00f3 que se imponga medidas de coerci\u00f3n consistente en prisi\u00f3n preventiva contra los dos j\u00f3venes motorizados a quienes se<\/p>\n","protected":false},"author":3,"featured_media":25383,"comment_status":"closed","ping_status":"closed","sticky":false,"template":"","format":"standard","meta":[],"categories":[3],"tags":[],"_links":{"self":[{"href":"https:\/\/hormigaradio.com\/index.php?rest_route=\/wp\/v2\/posts\/25399"}],"collection":[{"href":"https:\/\/hormigaradio.com\/index.php?rest_route=\/wp\/v2\/posts"}],"about":[{"href":"https:\/\/hormigaradio.com\/index.php?rest_route=\/wp\/v2\/types\/post"}],"author":[{"embeddable":true,"href":"https:\/\/hormigaradio.com\/index.php?rest_route=\/wp\/v2\/users\/3"}],"replies":[{"embeddable":true,"href":"https:\/\/hormigaradio.com\/index.php?rest_route=%2Fwp%2Fv2%2Fcomments&post=25399"}],"version-history":[{"count":2,"href":"https:\/\/hormigaradio.com\/index.php?rest_route=\/wp\/v2\/posts\/25399\/revisions"}],"predecessor-version":[{"id":25401,"href":"https:\/\/hormigaradio.com\/index.php?rest_route=\/wp\/v2\/posts\/25399\/revisions\/25401"}],"wp:featuredmedia":[{"embeddable":true,"href":"https:\/\/hormigaradio.com\/index.php?rest_route=\/wp\/v2\/media\/25383"}],"wp:attachment":[{"href":"https:\/\/hormigaradio.com\/index.php?rest_route=%2Fwp%2Fv2%2Fmedia&parent=25399"}],"wp:term":[{"taxonomy":"category","embeddable":true,"href":"https:\/\/hormigaradio.com\/index.php?rest_route=%2Fwp%2Fv2%2Fcategories&post=25399"},{"taxonomy":"post_tag","embeddable":true,"href":"https:\/\/hormigaradio.com\/index.php?rest_route=%2Fwp%2Fv2%2Ftags&post=25399"}],"curies":[{"name":"wp","href":"https:\/\/api.w.org\/{rel}","templated":true}]}}