{"id":25720,"date":"2026-04-28T01:34:47","date_gmt":"2026-04-28T01:34:47","guid":{"rendered":"https:\/\/hormigaradio.com\/?p=25720"},"modified":"2026-04-28T01:40:20","modified_gmt":"2026-04-28T01:40:20","slug":"sobre-accidente-en-la-vanzada-del-presidente-luis-abinader","status":"publish","type":"post","link":"https:\/\/hormigaradio.com\/?p=25720","title":{"rendered":"SOBRE ACCIDENTE  EN LA VANZADA DEL PRESIDENTE LUIS ABINADER"},"content":{"rendered":"<p><img loading=\"lazy\" class=\"alignnone wp-image-15152\" src=\"http:\/\/hormigaradio.com\/wp-content\/uploads\/2022\/01\/FIRMA-para-Hormiga-Radio-300x158.jpeg\" alt=\"\" width=\"80\" height=\"42\" \/><\/p>\n<p><strong>Comunicado oficial.<\/strong><\/p>\n<p>El Cuerpo de Seguridad Presidencial (CUSEP) informa que, a las 8:56 de la ma\u00f1ana de hoy, se produjo un accidente de tr\u00e1nsito en el tramo carretero Maim\u00f3n\u2013Puerto Plata, mientras personal de la avanzada presidencial se trasladaba hacia una actividad oficial en la provincia de Puerto Plata.<\/p>\n<p>En el hecho estuvieron involucrados dos veh\u00edculos: una unidad oficial asignada a la escolta presidencial y un veh\u00edculo civil.<\/p>\n<p>Como resultado del accidente, dos miembros de la escolta presidencial y un ciudadano civil presentaron traumas diversos. Los afectados fueron asistidos de inmediato y trasladados a los centros de salud m\u00e1s cercanos, donde reciben las atenciones m\u00e9dicas correspondientes.<\/p>\n<p>Se precisa que el se\u00f1or presidente de la Rep\u00fablica no se desplazaba en dicha caravana al momento del incidente.<\/p>\n<p>Impactos: 7<\/p>","protected":false},"excerpt":{"rendered":"<p>Comunicado oficial. El Cuerpo de Seguridad Presidencial (CUSEP) informa que, a las 8:56 de la ma\u00f1ana de hoy, se produjo un accidente de tr\u00e1nsito<\/p>\n","protected":false},"author":3,"featured_media":25722,"comment_status":"closed","ping_status":"closed","sticky":false,"template":"","format":"standard","meta":[],"categories":[3],"tags":[],"_links":{"self":[{"href":"https:\/\/hormigaradio.com\/index.php?rest_route=\/wp\/v2\/posts\/25720"}],"collection":[{"href":"https:\/\/hormigaradio.com\/index.php?rest_route=\/wp\/v2\/posts"}],"about":[{"href":"https:\/\/hormigaradio.com\/index.php?rest_route=\/wp\/v2\/types\/post"}],"author":[{"embeddable":true,"href":"https:\/\/hormigaradio.com\/index.php?rest_route=\/wp\/v2\/users\/3"}],"replies":[{"embeddable":true,"href":"https:\/\/hormigaradio.com\/index.php?rest_route=%2Fwp%2Fv2%2Fcomments&post=25720"}],"version-history":[{"count":1,"href":"https:\/\/hormigaradio.com\/index.php?rest_route=\/wp\/v2\/posts\/25720\/revisions"}],"predecessor-version":[{"id":25721,"href":"https:\/\/hormigaradio.com\/index.php?rest_route=\/wp\/v2\/posts\/25720\/revisions\/25721"}],"wp:featuredmedia":[{"embeddable":true,"href":"https:\/\/hormigaradio.com\/index.php?rest_route=\/wp\/v2\/media\/25722"}],"wp:attachment":[{"href":"https:\/\/hormigaradio.com\/index.php?rest_route=%2Fwp%2Fv2%2Fmedia&parent=25720"}],"wp:term":[{"taxonomy":"category","embeddable":true,"href":"https:\/\/hormigaradio.com\/index.php?rest_route=%2Fwp%2Fv2%2Fcategories&post=25720"},{"taxonomy":"post_tag","embeddable":true,"href":"https:\/\/hormigaradio.com\/index.php?rest_route=%2Fwp%2Fv2%2Ftags&post=25720"}],"curies":[{"name":"wp","href":"https:\/\/api.w.org\/{rel}","templated":true}]}}