{"id":25732,"date":"2026-04-28T02:57:30","date_gmt":"2026-04-28T02:57:30","guid":{"rendered":"https:\/\/hormigaradio.com\/?p=25732"},"modified":"2026-04-28T03:12:46","modified_gmt":"2026-04-28T03:12:46","slug":"apedi-tiene-nueva-directiva-lina-garcia-se-convierte-la-primera-mujer-presidenta-de-la-institucion","status":"publish","type":"post","link":"https:\/\/hormigaradio.com\/?p=25732","title":{"rendered":"APEDI TIENE  NUEVA DIRECTIVA; LINA GARC\u00cdA SE CONVIERTE  LA PRIMERA MUJER PRESIDENTA DE LA INSTITUCI\u00d3N"},"content":{"rendered":"<p><img loading=\"lazy\" class=\"alignnone wp-image-15152\" src=\"http:\/\/hormigaradio.com\/wp-content\/uploads\/2022\/01\/FIRMA-para-Hormiga-Radio-300x158.jpeg\" alt=\"\" width=\"99\" height=\"52\" \/><\/p>\n<p>La Asociaci\u00f3n para el Desarrollo, Inc. (APEDI) celebr\u00f3 su asamblea general ordinaria anual y eleccionaria, en un encuentro marcado por una masiva asistencia de socios, pasados presidentes y directivos, reafirmando la vitalidad institucional y el compromiso de sus miembros con el desarrollo sostenible de Santiago y de la Rep\u00fablica Dominicana. Durante la asamblea fue electa Lina Garc\u00eda Alm\u00e1nzar como presidenta de APEDI para el per\u00edodo 2026-2028, convirti\u00e9ndose en la primera mujer en presidir la instituci\u00f3n en sus m\u00e1s de seis d\u00e9cadas de trayectoria.<\/p>\n<p>Su elecci\u00f3n fue destacada como un hecho hist\u00f3rico para la entidad y como una expresi\u00f3n de renovaci\u00f3n, continuidad y fortalecimiento del liderazgo institucional. En su informe de gesti\u00f3n, el presidente saliente, Juan Alfonso Mera Montero, resalt\u00f3 que el per\u00edodo 2025 y los primeros meses de 2026 estuvieron caracterizados por una agenda de alta exigencia, avances concretos y una visi\u00f3n clara de fortalecimiento institucional.<\/p>\n<p>Entre los principales puntos expuestos cit\u00f3 la creaci\u00f3n de la Unidad de Planificaci\u00f3n Institucional, la estructuraci\u00f3n de un plan estrat\u00e9gico quinquenal, la reactivaci\u00f3n de espacios de decisi\u00f3n interna, la consolidaci\u00f3n de mecanismos de transparencia y rendici\u00f3n de cuentas y el rol de APEDI como plataforma de articulaci\u00f3n entre el sector privado, el Estado y la sociedad civil.<\/p>\n<p>Mera tambi\u00e9n destac\u00f3 los aportes de la instituci\u00f3n en educaci\u00f3n, sostenibilidad ambiental, gobernanza territorial, planificaci\u00f3n regional y ejecuci\u00f3n de proyectos de alto impacto.<\/p>\n<p>Se\u00f1al\u00f3 iniciativas educativas desarrolladas en coordinaci\u00f3n con el Ministerio de Educaci\u00f3n, programas de formaci\u00f3n ambiental que impactaron a cientos de estudiantes, la restauraci\u00f3n de nacientes y la siembra de m\u00e1s de 30,000 \u00e1rboles en unas 575 tareas, en alianza con entidades p\u00fablicas, privadas y comunitarias. Asimismo, subray\u00f3 el papel de APEDI en los proyectos derivados del Convenio PresidenciaCompromiso Santiago, as\u00ed como su participaci\u00f3n activa en instancias como el Consejo para el Desarrollo Estrat\u00e9gico de Santiago, el Patronato del Parque Central, el Fondo Agua Yaque del Norte, la Universidad ISA, Plan Sierra, CORAASAN y Plan Yaque.<\/p>\n<p>Al referirse a Lina Garc\u00eda, Mera expres\u00f3 que APEDI inicia una nueva etapa bajo el liderazgo de una empresaria de reconocida trayectoria nacional, con visi\u00f3n clara del papel del sector privado en el desarrollo del pa\u00eds y con la capacidad de continuar proyectando a la instituci\u00f3n como referente de pensamiento, articulaci\u00f3n y acci\u00f3n.<\/p>\n<p><strong>La nueva junta directiva.<\/strong><\/p>\n<figure id=\"attachment_25736\" aria-describedby=\"caption-attachment-25736\" style=\"width: 200px\" class=\"wp-caption alignnone\"><img loading=\"lazy\" class=\"wp-image-25736 size-medium\" src=\"http:\/\/hormigaradio.com\/wp-content\/uploads\/2026\/04\/lina-200x300.jpg\" alt=\"\" width=\"200\" height=\"300\" srcset=\"https:\/\/hormigaradio.com\/wp-content\/uploads\/2026\/04\/lina-200x300.jpg 200w, https:\/\/hormigaradio.com\/wp-content\/uploads\/2026\/04\/lina-682x1024.jpg 682w, https:\/\/hormigaradio.com\/wp-content\/uploads\/2026\/04\/lina-768x1153.jpg 768w, https:\/\/hormigaradio.com\/wp-content\/uploads\/2026\/04\/lina-1023x1536.jpg 1023w, https:\/\/hormigaradio.com\/wp-content\/uploads\/2026\/04\/lina.jpg 1066w\" sizes=\"(max-width: 200px) 100vw, 200px\" \/><figcaption id=\"caption-attachment-25736\" class=\"wp-caption-text\"><em>Lina Garc\u00eda Alm\u00e1nzar.<\/em><\/figcaption><\/figure>\n<p>Lina Garc\u00eda Alm\u00e1nzar, presidenta.<\/p>\n<p>Ricardo Jos\u00e9 Fondeur Victoria, vicepresidente.<\/p>\n<p>Jos\u00e9 Ram\u00f3n Vega Batlle, secretario.<\/p>\n<p>Juan B. Ventura, tesorero.<\/p>\n<p>Juan Alfonso Mera Montero, pasado presidente.<\/p>\n<p><strong>Los vocales.<\/strong><\/p>\n<p>Cristian Reyna.<\/p>\n<p>Miguel Lama.<\/p>\n<p>Mar\u00eda Victoria Menicucci.<\/p>\n<p>Rafael Emilio Yun\u00e9n Zouain.<\/p>\n<p>Pedro Estrella, Nicasio P\u00e9rez.<\/p>\n<p>Marco Cabral.<\/p>\n<p>Carlos Iglesias.<\/p>\n<p>Luis Enrique Grull\u00f3n Finet.<\/p>\n<p>\u00d3scar Schwrzbartl.<\/p>\n<p>V\u00edctor Mart\u00ednez.<\/p>\n<p>F\u00e9lix Eduardo Garc\u00eda.<\/p>\n<p>&nbsp;<\/p>\n<p>Impactos: 8<\/p>","protected":false},"excerpt":{"rendered":"<p>La Asociaci\u00f3n para el Desarrollo, Inc. (APEDI) celebr\u00f3 su asamblea general ordinaria anual y eleccionaria, en un encuentro marcado por una masiva asistencia de<\/p>\n","protected":false},"author":3,"featured_media":25738,"comment_status":"closed","ping_status":"closed","sticky":false,"template":"","format":"standard","meta":[],"categories":[3],"tags":[],"_links":{"self":[{"href":"https:\/\/hormigaradio.com\/index.php?rest_route=\/wp\/v2\/posts\/25732"}],"collection":[{"href":"https:\/\/hormigaradio.com\/index.php?rest_route=\/wp\/v2\/posts"}],"about":[{"href":"https:\/\/hormigaradio.com\/index.php?rest_route=\/wp\/v2\/types\/post"}],"author":[{"embeddable":true,"href":"https:\/\/hormigaradio.com\/index.php?rest_route=\/wp\/v2\/users\/3"}],"replies":[{"embeddable":true,"href":"https:\/\/hormigaradio.com\/index.php?rest_route=%2Fwp%2Fv2%2Fcomments&post=25732"}],"version-history":[{"count":4,"href":"https:\/\/hormigaradio.com\/index.php?rest_route=\/wp\/v2\/posts\/25732\/revisions"}],"predecessor-version":[{"id":25737,"href":"https:\/\/hormigaradio.com\/index.php?rest_route=\/wp\/v2\/posts\/25732\/revisions\/25737"}],"wp:featuredmedia":[{"embeddable":true,"href":"https:\/\/hormigaradio.com\/index.php?rest_route=\/wp\/v2\/media\/25738"}],"wp:attachment":[{"href":"https:\/\/hormigaradio.com\/index.php?rest_route=%2Fwp%2Fv2%2Fmedia&parent=25732"}],"wp:term":[{"taxonomy":"category","embeddable":true,"href":"https:\/\/hormigaradio.com\/index.php?rest_route=%2Fwp%2Fv2%2Fcategories&post=25732"},{"taxonomy":"post_tag","embeddable":true,"href":"https:\/\/hormigaradio.com\/index.php?rest_route=%2Fwp%2Fv2%2Ftags&post=25732"}],"curies":[{"name":"wp","href":"https:\/\/api.w.org\/{rel}","templated":true}]}}