{"id":25740,"date":"2026-04-30T19:51:53","date_gmt":"2026-04-30T19:51:53","guid":{"rendered":"https:\/\/hormigaradio.com\/?p=25740"},"modified":"2026-04-30T19:52:58","modified_gmt":"2026-04-30T19:52:58","slug":"defensoria-apelara-condena-de-30-anos-a-anciano-de-83-anos-por-tentativa-de-asesinato-en-santiago","status":"publish","type":"post","link":"https:\/\/hormigaradio.com\/?p=25740","title":{"rendered":"DEFENSOR\u00cdA APELAR\u00c1 CONDENA DE 30 A\u00d1OS A ANCIANO DE 83 A\u00d1OS POR TENTATIVA DE ASESINATO EN SANTIAGO"},"content":{"rendered":"<p>Por\u00a0<span class=\"name font-600\"><a title=\"M\u00e1ximo Laureano\" href=\"https:\/\/acento.com.do\/autor\/mlaureano.html\">M\u00e1ximo Laureano<\/a><\/span><\/p>\n<p>La abogada de la Defensor\u00eda P\u00fablica,<strong>\u00a0Milagros Del Carmen Rodr\u00edguez<\/strong>, anunci\u00f3 que recurrir\u00e1 la sentencia de 30 a\u00f1os de prisi\u00f3n impuesta a\u00a0<strong><span class=\"font-semibold\" data-streamdown=\"strong\">Nicol\u00e1s Su\u00e1rez, de 83 a\u00f1os<\/span>,<\/strong>\u00a0condenado por tentativa de feminicidio contra su\u00a0<strong>expareja\u00a0<span class=\"font-semibold\" data-streamdown=\"strong\">Erminia N\u00fa\u00f1ez Dur\u00e1n<\/span><\/strong>, en el distrito municipal de Santiago Oeste (Cienfuegos). La defensa argumenta que la edad avanzada y el deteriorado estado de salud del imputado hacen inviable su reclusi\u00f3n en un centro penitenciario.<\/p>\n<p><iframe loading=\"lazy\" title=\"Defensoria publica apelara condena hombre de 83 an\u0303os\" src=\"https:\/\/geo.dailymotion.com\/player.html?video=xa7izxk&amp;\" width=\"421\" height=\"750\" frameborder=\"0\" allowfullscreen=\"allowfullscreen\" data-mce-fragment=\"1\"><\/iframe><\/p>\n<h2>\u00bfPor qu\u00e9 la Defensor\u00eda apela la condena de 30 a\u00f1os a Nicol\u00e1s Su\u00e1rez?<\/h2>\n<p>El\u00a0<span class=\"font-semibold\" data-streamdown=\"strong\">Tercer Tribunal Colegiado del distrito judicial de Santiago<\/span>, integrado por las juezas\u00a0<strong>Ingrid Liberato<\/strong>,\u00a0<strong>Deyanira M\u00e9ndez<\/strong>\u00a0y<strong>\u00a0Kimberly Tatis<\/strong>, impuso a Su\u00e1rez la pena m\u00e1xima por tentativa de asesinato. Sin embargo, la defensa sostiene que el tribunal no tom\u00f3 en cuenta las atenuantes presentadas durante el proceso.<\/p>\n<p>La abogada\u00a0<strong>Milagros Del Carmen Rodr\u00edguez<\/strong>\u00a0se\u00f1al\u00f3 que Su\u00e1rez padece\u00a0<span class=\"font-semibold\" data-streamdown=\"strong\">diabetes avanzada que le ha provocado la p\u00e9rdida de la visi\u00f3n<\/span>, condici\u00f3n que motiv\u00f3 que durante todo el proceso judicial permaneciera en\u00a0<span class=\"font-semibold\" data-streamdown=\"strong\">prisi\u00f3n domiciliaria<\/span>.<\/p>\n<section id=\"newsletter\">\n<header class=\"newsletter__header\"><\/header>\n<p class=\"newsletter__disclaimer\"><em>&#8220;Hemos solicitado varios permisos para ir al m\u00e9dico porque no ve; tiene una situaci\u00f3n de diabetes que le ha quitado la vista&#8221;<\/em>, declar\u00f3 la defensora p\u00fablica.<\/p>\n<\/section>\n<h2 class=\"mt-6 mb-2 font-semibold text-2xl\" data-streamdown=\"heading-2\">El caso: agresi\u00f3n a expareja en Santiago Oeste<\/h2>\n<p>Los hechos que originaron el proceso\u00a0<strong>ocurrieron el\u00a0<span class=\"font-semibold\" data-streamdown=\"strong\">17 de julio de 2024<\/span><\/strong>\u00a0en un barrio del distrito municipal de\u00a0<span class=\"font-semibold\" data-streamdown=\"strong\">Santiago Oeste (Cienfuegos)<\/span>, cuando Nicol\u00e1s Su\u00e1rez agredi\u00f3 a su expareja,\u00a0<strong>Erminia N\u00fa\u00f1ez Dur\u00e1n<\/strong>, en un hecho calificado por la justicia como tentativa de asesinato.<\/p>\n<p>A pesar de que el tribunal no acogi\u00f3 los argumentos atenuantes presentados por la defensa,\u00a0<strong>la abogada insiste en que una condena de 30 a\u00f1os resulta\u00a0<span class=\"font-semibold\" data-streamdown=\"strong\">desproporcionada e inaplicable<\/span>\u00a0dadas las condiciones del imputado<\/strong>.<\/p>\n<h2>\u00bfQu\u00e9 pena pide la Defensor\u00eda para el anciano condenado en Santiago?<\/h2>\n<p>La Defensor\u00eda P\u00fablica solicita que, en caso de mantenerse la calificaci\u00f3n de tentativa de asesinato, la pena sea\u00a0<span class=\"font-semibold\" data-streamdown=\"strong\">sustituida por una condena suspendida que no exceda los tres a\u00f1os<\/span>.<\/p>\n<p>La defensora invoc\u00f3 el\u00a0<span class=\"font-semibold\" data-streamdown=\"strong\">principio de humanizaci\u00f3n de las penas<\/span>, establecido en el ordenamiento jur\u00eddico dominicano, como fundamento central del recurso de apelaci\u00f3n.<\/p>\n<p><em>&#8220;No es posible que en este caso no se tome en cuenta el principio de humanizaci\u00f3n&#8221;<\/em>, afirm\u00f3 Rodr\u00edguez.<\/p>\n<h2 class=\"mt-6 mb-2 font-semibold text-2xl\" data-streamdown=\"heading-2\">Principio de humanizaci\u00f3n: el argumento jur\u00eddico clave<\/h2>\n<p>El principio de humanizaci\u00f3n de las penas<strong>\u00a0reconoce que la ejecuci\u00f3n de una condena no debe atentar<\/strong>\u00a0contra la dignidad del condenado ni agravar su situaci\u00f3n m\u00e1s all\u00e1 de lo que la propia pena implica. En casos de personas de edad avanzada con enfermedades graves, los tribunales de alzada dominicanos han considerado este principio como criterio v\u00e1lido para modificar sanciones.<\/p>\n<p>La apelaci\u00f3n ser\u00e1 presentada ante la\u00a0<span class=\"font-semibold\" data-streamdown=\"strong\">Corte de Apelaci\u00f3n del departamento judicial de Santiago<\/span>.<\/p>\n<p>Impactos: 7<\/p>","protected":false},"excerpt":{"rendered":"<p>Por\u00a0M\u00e1ximo Laureano La abogada de la Defensor\u00eda P\u00fablica,\u00a0Milagros Del Carmen Rodr\u00edguez, anunci\u00f3 que recurrir\u00e1 la sentencia de 30 a\u00f1os de prisi\u00f3n impuesta a\u00a0Nicol\u00e1s Su\u00e1rez,<\/p>\n","protected":false},"author":3,"featured_media":22765,"comment_status":"closed","ping_status":"closed","sticky":false,"template":"","format":"standard","meta":[],"categories":[3],"tags":[],"_links":{"self":[{"href":"https:\/\/hormigaradio.com\/index.php?rest_route=\/wp\/v2\/posts\/25740"}],"collection":[{"href":"https:\/\/hormigaradio.com\/index.php?rest_route=\/wp\/v2\/posts"}],"about":[{"href":"https:\/\/hormigaradio.com\/index.php?rest_route=\/wp\/v2\/types\/post"}],"author":[{"embeddable":true,"href":"https:\/\/hormigaradio.com\/index.php?rest_route=\/wp\/v2\/users\/3"}],"replies":[{"embeddable":true,"href":"https:\/\/hormigaradio.com\/index.php?rest_route=%2Fwp%2Fv2%2Fcomments&post=25740"}],"version-history":[{"count":1,"href":"https:\/\/hormigaradio.com\/index.php?rest_route=\/wp\/v2\/posts\/25740\/revisions"}],"predecessor-version":[{"id":25741,"href":"https:\/\/hormigaradio.com\/index.php?rest_route=\/wp\/v2\/posts\/25740\/revisions\/25741"}],"wp:featuredmedia":[{"embeddable":true,"href":"https:\/\/hormigaradio.com\/index.php?rest_route=\/wp\/v2\/media\/22765"}],"wp:attachment":[{"href":"https:\/\/hormigaradio.com\/index.php?rest_route=%2Fwp%2Fv2%2Fmedia&parent=25740"}],"wp:term":[{"taxonomy":"category","embeddable":true,"href":"https:\/\/hormigaradio.com\/index.php?rest_route=%2Fwp%2Fv2%2Fcategories&post=25740"},{"taxonomy":"post_tag","embeddable":true,"href":"https:\/\/hormigaradio.com\/index.php?rest_route=%2Fwp%2Fv2%2Ftags&post=25740"}],"curies":[{"name":"wp","href":"https:\/\/api.w.org\/{rel}","templated":true}]}}