{"id":25749,"date":"2026-04-30T22:02:11","date_gmt":"2026-04-30T22:02:11","guid":{"rendered":"https:\/\/hormigaradio.com\/?p=25749"},"modified":"2026-04-30T22:02:11","modified_gmt":"2026-04-30T22:02:11","slug":"dirigente-del-transporte-millones-de-dominicanos-sobreviven-en-el-chiripeo-y-el-motoconchismo","status":"publish","type":"post","link":"https:\/\/hormigaradio.com\/?p=25749","title":{"rendered":"DIRIGENTE DEL TRANSPORTE: &#8216;MILLONES DE DOMINICANOS SOBREVIVEN EN EL CHIRIPEO Y EL MOTOCONCHISMO&#8217;"},"content":{"rendered":"<p>Por\u00a0<span class=\"name font-600\"><a title=\"M\u00e1ximo Laureano\" href=\"https:\/\/acento.com.do\/autor\/mlaureano.html\">M\u00e1ximo Laureano<\/a><\/span><\/p>\n<p>El presidente de la Confederaci\u00f3n Nacional de Trabajadores del Transporte (CNTT),\u00a0<strong>Juan Marte Valenzuela<\/strong>, advirti\u00f3 que la ausencia de trabajo con condiciones dignas en la Rep\u00fablica Dominicana obliga a miles de ciudadanos a refugiarse en el pluriempleo y el chiripeo para subsistir.<\/p>\n<p>En declaraciones a los medios en v\u00edsperas del 1.\u00b0 de mayo,\u00a0<strong>Marte afirm\u00f3 que la fecha emblem\u00e1tica del D\u00eda Internacional del Trabajo<\/strong>\u00a0volver\u00e1 a encontrar a la mayor\u00eda de los dominicanos sin garant\u00edas para ejercer su labor ni sostener a sus familias.<\/p>\n<h2>El motoconchismo, s\u00edmbolo de la informalidad<\/h2>\n<p>El dirigente cit\u00f3 el motoconchismo como uno de los oficios de sobrevivencia donde se refugian tanto dominicanos como migrantes. Seg\u00fan estim\u00f3, unos tres millones de personas tienen en esa actividad su principal fuente de sustento, incluyendo venezolanos, colombianos y haitianos.<\/p>\n<p>&#8220;Hay una debilidad del Estado dominicano que no le garantiza al trabajador seguridad social, que no le garantiza seguridad ciudadana, que no le garantiza una pensi\u00f3n digna&#8221;, se\u00f1al\u00f3 Marte.<\/p>\n<h2>Transporte en retroceso<\/h2>\n<p>El tambi\u00e9n activista del movimiento\u00a0<em>100% con el Pueblo<\/em>\u00a0denunci\u00f3 que el 1.\u00b0 de mayo vuelve a coincidir con un sector transporte en declive, producto de pol\u00edticas que, a su juicio, han entregado los corredores viales \u2014&#8221;propiedad del pueblo&#8221;\u2014 a grandes grupos empresariales.<\/p>\n<section id=\"newsletter\">\n<header class=\"newsletter__header\"><\/header>\n<p class=\"newsletter__disclaimer\">&#8220;Frente a esta situaci\u00f3n el pueblo tiene que movilizarse, tiene que caminar, tiene que defender sus recursos naturales y sus espacios de trabajo&#8221;, declar\u00f3 el presidente de la CNTT.<\/p>\n<p>&nbsp;<\/p>\n<\/section>\n<p>Impactos: 6<\/p>","protected":false},"excerpt":{"rendered":"<p>Por\u00a0M\u00e1ximo Laureano El presidente de la Confederaci\u00f3n Nacional de Trabajadores del Transporte (CNTT),\u00a0Juan Marte Valenzuela, advirti\u00f3 que la ausencia de trabajo con condiciones dignas<\/p>\n","protected":false},"author":3,"featured_media":25750,"comment_status":"closed","ping_status":"closed","sticky":false,"template":"","format":"standard","meta":[],"categories":[1],"tags":[],"_links":{"self":[{"href":"https:\/\/hormigaradio.com\/index.php?rest_route=\/wp\/v2\/posts\/25749"}],"collection":[{"href":"https:\/\/hormigaradio.com\/index.php?rest_route=\/wp\/v2\/posts"}],"about":[{"href":"https:\/\/hormigaradio.com\/index.php?rest_route=\/wp\/v2\/types\/post"}],"author":[{"embeddable":true,"href":"https:\/\/hormigaradio.com\/index.php?rest_route=\/wp\/v2\/users\/3"}],"replies":[{"embeddable":true,"href":"https:\/\/hormigaradio.com\/index.php?rest_route=%2Fwp%2Fv2%2Fcomments&post=25749"}],"version-history":[{"count":1,"href":"https:\/\/hormigaradio.com\/index.php?rest_route=\/wp\/v2\/posts\/25749\/revisions"}],"predecessor-version":[{"id":25751,"href":"https:\/\/hormigaradio.com\/index.php?rest_route=\/wp\/v2\/posts\/25749\/revisions\/25751"}],"wp:featuredmedia":[{"embeddable":true,"href":"https:\/\/hormigaradio.com\/index.php?rest_route=\/wp\/v2\/media\/25750"}],"wp:attachment":[{"href":"https:\/\/hormigaradio.com\/index.php?rest_route=%2Fwp%2Fv2%2Fmedia&parent=25749"}],"wp:term":[{"taxonomy":"category","embeddable":true,"href":"https:\/\/hormigaradio.com\/index.php?rest_route=%2Fwp%2Fv2%2Fcategories&post=25749"},{"taxonomy":"post_tag","embeddable":true,"href":"https:\/\/hormigaradio.com\/index.php?rest_route=%2Fwp%2Fv2%2Ftags&post=25749"}],"curies":[{"name":"wp","href":"https:\/\/api.w.org\/{rel}","templated":true}]}}