{"id":26896,"date":"2026-09-01T22:39:44","date_gmt":"2026-09-01T22:39:44","guid":{"rendered":"https:\/\/hormigaradio.com\/?p=26896"},"modified":"2026-09-01T22:45:00","modified_gmt":"2026-09-01T22:45:00","slug":"coe-reduce-a-11-las-provincias-en-alerta-por-onda-tropical-y-preve-lluvias-fuertes","status":"publish","type":"post","link":"https:\/\/hormigaradio.com\/?p=26896","title":{"rendered":"COE REDUCE A 11 LAS PROVINCIAS EN ALERTA POR ONDA TROPICAL Y PREV\u00c9 LLUVIAS FUERTES"},"content":{"rendered":"<p>Por\u00a0<span class=\"name font-600\"><a title=\"Servicios de Acento.com.do\" href=\"https:\/\/acento.com.do\/autor\/servicios.html\">Servicios de Acento.com.do<\/a><\/span><\/p>\n<p>El Centro de Operaciones de Emergencias\u00a0<strong>(COE)<\/strong>\u00a0redujo este martes de 21 a 11 el n\u00famero de provincias bajo alerta debido a la incidencia de una onda tropical, aunque mantiene el llamado a la prevenci\u00f3n ante la posibilidad de lluvias moderadas a fuertes durante la tarde.<\/p>\n<p>En su segundo informe de situaci\u00f3n, emitido a la 1:30 de la tarde, el organismo indic\u00f3 que descontinu\u00f3 las alertas para 10 provincias, entre ellas\u00a0<strong>La Altagracia, Puerto Plata, Saman\u00e1<\/strong>\u00a0y\u00a0<strong>San Pedro de Macor\u00eds<\/strong>. Hasta ese momento no se hab\u00edan registrado personas afectadas, evacuadas, viviendas da\u00f1adas ni fallecidos.<\/p>\n<p>La reducci\u00f3n de las alertas no implica el fin de las condiciones de riesgo. El Instituto Dominicano de Meteorolog\u00eda (<strong>Indomet<\/strong>) inform\u00f3 que la actividad lluviosa se desplaz\u00f3 hacia el suroeste durante la ma\u00f1ana, mientras que una vaguada localizada al noroeste del pa\u00eds favorecer\u00e1 el incremento de la humedad durante la tarde.<\/p>\n<figure class=\"no-caption\"><img loading=\"lazy\" decoding=\"async\" title=\"COE reduce a 11 las provincias en alerta por onda tropical y prev\u00e9 lluvias fuertes\" src=\"https:\/\/media.acento.com.do\/media\/storage02\/uploads\/2026\/09\/COE-reduce-a-11-las-provincias-en-alerta-por-onda-tropical-y-preve-lluvias-fuertes-547x728.webp\" alt=\"COE reduce a 11 las provincias en alerta por onda tropical y prev\u00e9 lluvias fuertes\" width=\"547\" height=\"728\" \/><\/figure>\n<p>Las condiciones podr\u00edan generar aguaceros de moderados a fuertes, tormentas el\u00e9ctricas y r\u00e1fagas de viento, principalmente en\u00a0<strong>Valverde, Santiago, Santiago Rodr\u00edguez, Montecristi, La Altagracia, San Crist\u00f3bal<\/strong>\u00a0y sectores del\u00a0<strong>Gran Santo Domingo<\/strong>.<\/p>\n<section id=\"newsletter\">\n<header class=\"newsletter__header\"><\/header>\n<p class=\"newsletter__disclaimer\">El COE advierte que las lluvias podr\u00edan provocar inundaciones repentinas, desbordamientos de r\u00edos y ca\u00f1adas y deslizamientos de tierra, particularmente en zonas con antecedentes de vulnerabilidad ante precipitaciones intensas.<\/p>\n<\/section>\n<h2>Once provincias permanecen en alerta verde<\/h2>\n<p>El Distrito Nacional, Santo Domingo, San Crist\u00f3bal, Peravia, San Jos\u00e9 de Ocoa, Valverde, Santiago Rodr\u00edguez, Dajab\u00f3n, Montecristi, Hato Mayor y El Seibo permanecen bajo alerta verde.<\/p>\n<div class=\"banner-box\"><\/div>\n<p>La distribuci\u00f3n de las provincias bajo vigilancia abarca zonas del Cibao, el sur, el este y el Gran Santo Domingo, por lo que el riesgo no se concentra exclusivamente en una regi\u00f3n del pa\u00eds.<\/p>\n<p>El COE mantiene activo su Plan de Contingencias para Eventos Hidrometeorol\u00f3gicos y se\u00f1ala que el Ministerio de Defensa y el Ministerio Administrativo de la Presidencia permanecen en coordinaci\u00f3n con el organismo.<\/p>\n<h2>Recomiendan evitar zonas inundables<\/h2>\n<p>Ante la posibilidad de nuevos acumulados de lluvia, el COE recomienda a la poblaci\u00f3n evitar cruzar r\u00edos, arroyos y calles inundadas, as\u00ed como mantenerse alejada de \u00e1rboles y estructuras que puedan representar peligro.<\/p>\n<p>Tambi\u00e9n aconseja identificar previamente las rutas de evacuaci\u00f3n, preparar una mochila de emergencia con suministros para al menos 72 horas y contar con un plan familiar de respuesta ante una eventual emergencia.<\/p>\n<p>Aunque el informe no registra da\u00f1os ni personas afectadas hasta la hora de corte, las autoridades mantienen la vigilancia debido a que las condiciones atmosf\u00e9ricas previstas para la tarde podr\u00edan generar nuevos episodios de inundaciones y otros eventos asociados a las lluvias.<\/p>\n<div class=\"related-news\">\n<p>&nbsp;<\/p>\n<\/div>\n<p>Visitas: 0<\/p>","protected":false},"excerpt":{"rendered":"<p>Por\u00a0Servicios de Acento.com.do El Centro de Operaciones de Emergencias\u00a0(COE)\u00a0redujo este martes de 21 a 11 el n\u00famero de provincias bajo alerta debido a la<\/p>\n","protected":false},"author":3,"featured_media":26898,"comment_status":"closed","ping_status":"closed","sticky":false,"template":"","format":"standard","meta":{"footnotes":""},"categories":[3],"tags":[],"class_list":["post-26896","post","type-post","status-publish","format-standard","has-post-thumbnail","hentry","category-diarismo"],"_links":{"self":[{"href":"https:\/\/hormigaradio.com\/index.php?rest_route=\/wp\/v2\/posts\/26896","targetHints":{"allow":["GET"]}}],"collection":[{"href":"https:\/\/hormigaradio.com\/index.php?rest_route=\/wp\/v2\/posts"}],"about":[{"href":"https:\/\/hormigaradio.com\/index.php?rest_route=\/wp\/v2\/types\/post"}],"author":[{"embeddable":true,"href":"https:\/\/hormigaradio.com\/index.php?rest_route=\/wp\/v2\/users\/3"}],"replies":[{"embeddable":true,"href":"https:\/\/hormigaradio.com\/index.php?rest_route=%2Fwp%2Fv2%2Fcomments&post=26896"}],"version-history":[{"count":1,"href":"https:\/\/hormigaradio.com\/index.php?rest_route=\/wp\/v2\/posts\/26896\/revisions"}],"predecessor-version":[{"id":26897,"href":"https:\/\/hormigaradio.com\/index.php?rest_route=\/wp\/v2\/posts\/26896\/revisions\/26897"}],"wp:featuredmedia":[{"embeddable":true,"href":"https:\/\/hormigaradio.com\/index.php?rest_route=\/wp\/v2\/media\/26898"}],"wp:attachment":[{"href":"https:\/\/hormigaradio.com\/index.php?rest_route=%2Fwp%2Fv2%2Fmedia&parent=26896"}],"wp:term":[{"taxonomy":"category","embeddable":true,"href":"https:\/\/hormigaradio.com\/index.php?rest_route=%2Fwp%2Fv2%2Fcategories&post=26896"},{"taxonomy":"post_tag","embeddable":true,"href":"https:\/\/hormigaradio.com\/index.php?rest_route=%2Fwp%2Fv2%2Ftags&post=26896"}],"curies":[{"name":"wp","href":"https:\/\/api.w.org\/{rel}","templated":true}]}}