{"id":26899,"date":"2026-09-01T22:48:31","date_gmt":"2026-09-01T22:48:31","guid":{"rendered":"https:\/\/hormigaradio.com\/?p=26899"},"modified":"2026-09-01T22:50:48","modified_gmt":"2026-09-01T22:50:48","slug":"estudiantes-policias-guardias-y-agentes-de-digesett-pagaran-rd10-menos-por-pasajes","status":"publish","type":"post","link":"https:\/\/hormigaradio.com\/?p=26899","title":{"rendered":"ESTUDIANTES, POLIC\u00cdAS, GUARDIAS Y AGENTES DE DIGESETT PAGAR\u00c1N RD$10 MENOS POR PASAJES"},"content":{"rendered":"<figure><a title=\"M\u00e1ximo Laureano\" href=\"https:\/\/acento.com.do\/autor\/mlaureano.html\"><img decoding=\"async\" class=\"i-amphtml-fill-content i-amphtml-replaced-content\" src=\"https:\/\/acento.com.do\/resources\/img\/logo-user-no-foto.jpg\" alt=\"M\u00e1ximo Laureano\" \/><\/a><\/figure>\n<div class=\"extra-holder\">\n<p>Por\u00a0<span class=\"name font-600\"><a title=\"M\u00e1ximo Laureano\" href=\"https:\/\/acento.com.do\/autor\/mlaureano.html\">M\u00e1ximo Laureano<\/a><\/span><\/p>\n<div class=\"flex-container align-center\">Si eres estudiante de escuelas p\u00fablicas, colegios o del programa Prepara y te subes a los carros de concho de las rutas afiliadas a la Confederaci\u00f3n Nacional de Trabajadores del Transporte (<strong>CNTT<\/strong>), en Santiago y el Cibao, pagar\u00e1s RD$10 menos por el pasaje. Hay una regla: debes estar uniformado.<\/div>\n<\/div>\n<p>Igualmente, los agentes de la\u00a0<strong>Polic\u00eda Nacional<\/strong>, de la Direcci\u00f3n General de Tr\u00e1nsito y Transporte Terrestre\u00a0<strong>(Digesett)<\/strong>\u00a0y del Ej\u00e9rcito de la Rep\u00fablica Dominicana ser\u00e1n favorecidos con las rebajas en el precio de los pasajes.<\/p>\n<p>El anuncio de la medida fue hecho este martes por\u00a0<strong>Juan De Jes\u00fas Marte Valenzuela<\/strong>, presidente de la\u00a0<strong>CNTT<\/strong>, organizaci\u00f3n que lidera la mayor\u00eda de las rutas del transporte de pasajeros en la zona norte de la Rep\u00fablica Dominicana.<\/p>\n<p>Marte, quien se ha mostrado desafiante con la aplicaci\u00f3n de los aumentos del pasaje desde la primera semana de julio de 2026, dijo que la medida procura beneficiar, en primer lugar, a los estudiantes, porque no trabajan, y a los polic\u00edas, agentes de\u00a0<strong>Digesett<\/strong> y militares, porque ofrecen un servicio social a la poblaci\u00f3n y no reciben una remuneraci\u00f3n adecuada.<\/p>\n<div class=\"sbi-embed-wrap\">\n<p><iframe id=\"instagram-embed-0\" class=\"instagram-media sbi-embed instagram-media-rendered\" src=\"https:\/\/www.instagram.com\/reel\/Dcv_6L1JXK6\/embed\/captioned\/?cr=1&amp;v=14&amp;wp=537&amp;rd=https%3A%2F%2Facento.com.do&amp;rp=%2Factualidad%2Festudiantes-policias-guardias-y-agentes-de-digesett-pagaran-rd10-menos-por-pasajes-9746247.html#%7B%22ci%22%3A0%2C%22os%22%3A598.5%7D\" height=\"929\" frameborder=\"0\" scrolling=\"no\" allowfullscreen=\"allowfullscreen\" data-instgrm-payload-id=\"instagram-media-payload-0\" data-mce-fragment=\"1\"><\/iframe><\/p>\n<\/div>\n<p>\u00abEntendemos la situaci\u00f3n de precariedad que viven muchos usuarios y sabemos que los estudiantes no trabajan ni producen, sino que se dedican a estudiar; por eso se ha considerado aplicar una rebaja de 10 pesos en el transporte urbano\u00bb, expres\u00f3 el dirigente de la\u00a0<strong>CNTT.<\/strong><\/p>\n<div class=\"banner-box\"><\/div>\n<p>La rebaja del pasaje ser\u00e1 aplicada en las rutas afiliadas a la\u00a0<strong>CNTT,<\/strong>\u00a0como la U, H, N, PC, PA, G, P, E y RPA, adem\u00e1s de otras organizaciones urbanas integradas a la confederaci\u00f3n.<\/p>\n<p>El presidente de la\u00a0<strong>CNTT<\/strong>\u00a0hizo el anuncio durante un acto de juramentaci\u00f3n de dirigentes, choferes y representantes de nuevas rutas que se incorporaron a la confederaci\u00f3n, que dirige Marte.<\/p>\n<p>Visitas: 0<\/p>","protected":false},"excerpt":{"rendered":"<p>Por\u00a0M\u00e1ximo Laureano Si eres estudiante de escuelas p\u00fablicas, colegios o del programa Prepara y te subes a los carros de concho de las rutas<\/p>\n","protected":false},"author":3,"featured_media":26901,"comment_status":"closed","ping_status":"closed","sticky":false,"template":"","format":"standard","meta":{"footnotes":""},"categories":[8],"tags":[],"class_list":["post-26899","post","type-post","status-publish","format-standard","has-post-thumbnail","hentry","category-activismo-social"],"_links":{"self":[{"href":"https:\/\/hormigaradio.com\/index.php?rest_route=\/wp\/v2\/posts\/26899","targetHints":{"allow":["GET"]}}],"collection":[{"href":"https:\/\/hormigaradio.com\/index.php?rest_route=\/wp\/v2\/posts"}],"about":[{"href":"https:\/\/hormigaradio.com\/index.php?rest_route=\/wp\/v2\/types\/post"}],"author":[{"embeddable":true,"href":"https:\/\/hormigaradio.com\/index.php?rest_route=\/wp\/v2\/users\/3"}],"replies":[{"embeddable":true,"href":"https:\/\/hormigaradio.com\/index.php?rest_route=%2Fwp%2Fv2%2Fcomments&post=26899"}],"version-history":[{"count":2,"href":"https:\/\/hormigaradio.com\/index.php?rest_route=\/wp\/v2\/posts\/26899\/revisions"}],"predecessor-version":[{"id":26902,"href":"https:\/\/hormigaradio.com\/index.php?rest_route=\/wp\/v2\/posts\/26899\/revisions\/26902"}],"wp:featuredmedia":[{"embeddable":true,"href":"https:\/\/hormigaradio.com\/index.php?rest_route=\/wp\/v2\/media\/26901"}],"wp:attachment":[{"href":"https:\/\/hormigaradio.com\/index.php?rest_route=%2Fwp%2Fv2%2Fmedia&parent=26899"}],"wp:term":[{"taxonomy":"category","embeddable":true,"href":"https:\/\/hormigaradio.com\/index.php?rest_route=%2Fwp%2Fv2%2Fcategories&post=26899"},{"taxonomy":"post_tag","embeddable":true,"href":"https:\/\/hormigaradio.com\/index.php?rest_route=%2Fwp%2Fv2%2Ftags&post=26899"}],"curies":[{"name":"wp","href":"https:\/\/api.w.org\/{rel}","templated":true}]}}