{"id":26903,"date":"2026-09-01T22:53:52","date_gmt":"2026-09-01T22:53:52","guid":{"rendered":"https:\/\/hormigaradio.com\/?p=26903"},"modified":"2026-09-01T22:56:42","modified_gmt":"2026-09-01T22:56:42","slug":"presidente-abinader-entrega-50-camiones-compactadores-para-fortalecer-la-recogida-de-basura","status":"publish","type":"post","link":"https:\/\/hormigaradio.com\/?p=26903","title":{"rendered":"PRESIDENTE ABINADER ENTREGA 50 CAMIONES COMPACTADORES PARA FORTALECER LA RECOGIDA DE BASURA"},"content":{"rendered":"<p><img loading=\"lazy\" decoding=\"async\" class=\"alignnone wp-image-15152\" src=\"https:\/\/hormigaradio.com\/wp-content\/uploads\/2022\/01\/FIRMA-para-Hormiga-Radio-300x158.jpeg\" alt=\"\" width=\"80\" height=\"42\" \/><\/p>\n<p>El presidente Luis Abinader, a trav\u00e9s del Ministerio Administrativo de la Presidencia (MAPRE), entreg\u00f3 50 camiones compactadores a municipios y distritos municipales, como parte de un programa de apoyo dirigido a fortalecer la capacidad de los gobiernos locales para garantizar una recogida de basura m\u00e1s eficiente.<\/p>\n<p>El ministro Administrativo de la Presidencia, Andr\u00e9s Bautista Garc\u00eda, inform\u00f3 que la iniciativa responde especialmente a las comunidades donde la acumulaci\u00f3n de basura representa un riesgo para la salud p\u00fablica, el medio ambiente y la calidad de vida de la poblaci\u00f3n.<\/p>\n<p>En un acto celebrado en la explanada frontal del Palacio Nacional, Bautista Garc\u00eda, manifest\u00f3 que esta iniciativa, dispuesta por el presidente Luis Abinader, busca dar respuesta a una de las principales necesidades de los gobiernos locales y contribuir a mejorar las condiciones de salubridad de las comunidades, mediante una gesti\u00f3n m\u00e1s eficiente de la recogida de basura.<\/p>\n<p>La actividad fue encabezada por el ministro Bautista Garc\u00eda, acompa\u00f1ado de los presidentes de la Liga Municipal Dominicana, V\u00edctor D\u2019Aza; de la Federaci\u00f3n Dominicana de Municipios y alcalde de Saman\u00e1, Nelson N\u00fa\u00f1ez; y de la Federaci\u00f3n Dominicana de Distritos Municipales (Fedodim), Lioncito Jos\u00e9; el ministro de Trabajo, Eddy Olivares; Priamo Ram\u00edrez, director ejecutivo DO Sostenible; Modesto Guzm\u00e1n, director general de la Direcci\u00f3n de Desarrollo a la Comunidad adem\u00e1s, de diputados, senadores y los alcaldes beneficiados con los camiones compactadores.<\/p>\n<p>Entre 2024 y 2026, el Gobierno recibi\u00f3 unas 240 solicitudes de donaci\u00f3n de camiones compactadores para ser utilizados en los municipios y distritos municipales del pa\u00eds.<\/p>\n<p>Debido al riesgo para la salud p\u00fablica que representa la acumulaci\u00f3n de basura y considerando la precariedad de recursos para la adquisici\u00f3n de estos equipos, el MAPRE convoc\u00f3 a un procedimiento de contrataci\u00f3n p\u00fablica el 23 de marzo de 2026 para la adquisici\u00f3n de 100 camiones destinados a ser donados, en una primera fase, a los territorios de mayor necesidad.<\/p>\n<p>Esta primera entrega permitir\u00e1 mejorar la capacidad operativa de los gobiernos locales beneficiados.<\/p>\n<p>Los equipos ser\u00e1n destinados prioritariamente a municipios y distritos municipales de Azua, Bahoruco, Barahona, El\u00edas Pi\u00f1a, Independencia, Pedernales, Peravia, San Crist\u00f3bal, San Jos\u00e9 de Ocoa y San Juan, adem\u00e1s de Los Alcarrizos y Pedro Brand, en el Gran Santo Domingo, as\u00ed como a territorios de Monte Plata, El Seibo y Hato Mayor.<\/p>\n<p>El ministro exhort\u00f3 a los alcaldes y directores distritales beneficiados con estos equipos a \u201ccuidar de ellos como si fueran propios evitando que al paso de dos o tres a\u00f1os aparezcan en un cementerio de chatarras\u201d.<\/p>\n<p>Visitas: 0<\/p>","protected":false},"excerpt":{"rendered":"<p>El presidente Luis Abinader, a trav\u00e9s del Ministerio Administrativo de la Presidencia (MAPRE), entreg\u00f3 50 camiones compactadores a municipios y distritos municipales, como parte<\/p>\n","protected":false},"author":3,"featured_media":26905,"comment_status":"closed","ping_status":"closed","sticky":false,"template":"","format":"standard","meta":{"footnotes":""},"categories":[3],"tags":[],"class_list":["post-26903","post","type-post","status-publish","format-standard","has-post-thumbnail","hentry","category-diarismo"],"_links":{"self":[{"href":"https:\/\/hormigaradio.com\/index.php?rest_route=\/wp\/v2\/posts\/26903","targetHints":{"allow":["GET"]}}],"collection":[{"href":"https:\/\/hormigaradio.com\/index.php?rest_route=\/wp\/v2\/posts"}],"about":[{"href":"https:\/\/hormigaradio.com\/index.php?rest_route=\/wp\/v2\/types\/post"}],"author":[{"embeddable":true,"href":"https:\/\/hormigaradio.com\/index.php?rest_route=\/wp\/v2\/users\/3"}],"replies":[{"embeddable":true,"href":"https:\/\/hormigaradio.com\/index.php?rest_route=%2Fwp%2Fv2%2Fcomments&post=26903"}],"version-history":[{"count":1,"href":"https:\/\/hormigaradio.com\/index.php?rest_route=\/wp\/v2\/posts\/26903\/revisions"}],"predecessor-version":[{"id":26904,"href":"https:\/\/hormigaradio.com\/index.php?rest_route=\/wp\/v2\/posts\/26903\/revisions\/26904"}],"wp:featuredmedia":[{"embeddable":true,"href":"https:\/\/hormigaradio.com\/index.php?rest_route=\/wp\/v2\/media\/26905"}],"wp:attachment":[{"href":"https:\/\/hormigaradio.com\/index.php?rest_route=%2Fwp%2Fv2%2Fmedia&parent=26903"}],"wp:term":[{"taxonomy":"category","embeddable":true,"href":"https:\/\/hormigaradio.com\/index.php?rest_route=%2Fwp%2Fv2%2Fcategories&post=26903"},{"taxonomy":"post_tag","embeddable":true,"href":"https:\/\/hormigaradio.com\/index.php?rest_route=%2Fwp%2Fv2%2Ftags&post=26903"}],"curies":[{"name":"wp","href":"https:\/\/api.w.org\/{rel}","templated":true}]}}