{"id":26908,"date":"2026-09-02T05:23:08","date_gmt":"2026-09-02T05:23:08","guid":{"rendered":"https:\/\/hormigaradio.com\/?p=26908"},"modified":"2026-09-02T05:24:33","modified_gmt":"2026-09-02T05:24:33","slug":"familiares-de-joven-hallado-muerto-en-santiago-piden-se-aclare-el-caso-y-se-haga-justicia","status":"publish","type":"post","link":"https:\/\/hormigaradio.com\/?p=26908","title":{"rendered":"FAMILIARES DE JOVEN HALLADO MUERTO EN SANTIAGO PIDEN SE ACLARE EL CASO Y SE HAGA JUSTICIA"},"content":{"rendered":"<p>Por\u00a0<span class=\"name font-600\"><a title=\"M\u00e1ximo Laureano\" href=\"https:\/\/acento.com.do\/autor\/mlaureano.html\">M\u00e1ximo Laureano<\/a><\/span><\/p>\n<p>Familiares de\u00a0<strong>Dany Antonio Severino Coronado<\/strong>, de\u00a0<strong>30 a\u00f1os de edad<\/strong>, hallado muerto el pasado lunes\u00a0<strong>31 de agosto<\/strong>, en la comunidad\u00a0<strong>La Herradura<\/strong>, en la provincia\u00a0<strong>Santiago<\/strong>, reclamaron a las autoridades aclarar las circunstancias del fallecimiento de su pariente.<\/p>\n<p>Seg\u00fan afirmaron los deudos, el cuerpo de\u00a0<strong>Severino Coronado<\/strong>, domiciliado en\u00a0<strong>El Limoncito de Guayacanal<\/strong>\u00a0y dedicado al servicio de transporte en\u00a0<strong>Uber<\/strong>, fue localizado el lunes a las\u00a0<strong>6:00 de la tarde<\/strong>, luego de que parientes suyos advirtieran sobre su desaparici\u00f3n.<\/p>\n<p>Los familiares explicaron que, previo a ser visto por \u00faltima vez, el s\u00e1bado\u00a0<strong>29 de agosto<\/strong>, en horas de la noche, el joven hab\u00eda tenido un conflicto con una mujer a quien identifican como su expareja.<\/p>\n<p>En sus denuncias, los parientes del joven fallecido sostienen que, tras una discusi\u00f3n con la mujer, agentes policiales acudieron al lugar, desde donde\u00a0<strong>Dany Antonio Severino Coronado<\/strong>\u00a0huy\u00f3 para no ser apresado, y que desde entonces no se le vio m\u00e1s.<\/p>\n<section id=\"newsletter\">\n<header class=\"newsletter__header\"><\/header>\n<p class=\"newsletter__disclaimer\">\u201cLo encontramos muerto y lo que queremos es justicia\u201d, expres\u00f3 una mujer que se identific\u00f3 como hermana del fallecido.<\/p>\n<\/section>\n<p><strong>Ana Rosa Coronado<\/strong>, identificada como madre de la v\u00edctima, asegur\u00f3 que agentes policiales habr\u00edan perseguido al joven despu\u00e9s del incidente y que el lunes, previo al hallazgo del cuerpo, las autoridades ubicaron ropa, calzados y documentos personales.<\/p>\n<p>Visitas: 0<\/p>","protected":false},"excerpt":{"rendered":"<p>Por\u00a0M\u00e1ximo Laureano Familiares de\u00a0Dany Antonio Severino Coronado, de\u00a030 a\u00f1os de edad, hallado muerto el pasado lunes\u00a031 de agosto, en la comunidad\u00a0La Herradura, en la<\/p>\n","protected":false},"author":3,"featured_media":26910,"comment_status":"closed","ping_status":"closed","sticky":false,"template":"","format":"standard","meta":{"footnotes":""},"categories":[3],"tags":[],"class_list":["post-26908","post","type-post","status-publish","format-standard","has-post-thumbnail","hentry","category-diarismo"],"_links":{"self":[{"href":"https:\/\/hormigaradio.com\/index.php?rest_route=\/wp\/v2\/posts\/26908","targetHints":{"allow":["GET"]}}],"collection":[{"href":"https:\/\/hormigaradio.com\/index.php?rest_route=\/wp\/v2\/posts"}],"about":[{"href":"https:\/\/hormigaradio.com\/index.php?rest_route=\/wp\/v2\/types\/post"}],"author":[{"embeddable":true,"href":"https:\/\/hormigaradio.com\/index.php?rest_route=\/wp\/v2\/users\/3"}],"replies":[{"embeddable":true,"href":"https:\/\/hormigaradio.com\/index.php?rest_route=%2Fwp%2Fv2%2Fcomments&post=26908"}],"version-history":[{"count":1,"href":"https:\/\/hormigaradio.com\/index.php?rest_route=\/wp\/v2\/posts\/26908\/revisions"}],"predecessor-version":[{"id":26909,"href":"https:\/\/hormigaradio.com\/index.php?rest_route=\/wp\/v2\/posts\/26908\/revisions\/26909"}],"wp:featuredmedia":[{"embeddable":true,"href":"https:\/\/hormigaradio.com\/index.php?rest_route=\/wp\/v2\/media\/26910"}],"wp:attachment":[{"href":"https:\/\/hormigaradio.com\/index.php?rest_route=%2Fwp%2Fv2%2Fmedia&parent=26908"}],"wp:term":[{"taxonomy":"category","embeddable":true,"href":"https:\/\/hormigaradio.com\/index.php?rest_route=%2Fwp%2Fv2%2Fcategories&post=26908"},{"taxonomy":"post_tag","embeddable":true,"href":"https:\/\/hormigaradio.com\/index.php?rest_route=%2Fwp%2Fv2%2Ftags&post=26908"}],"curies":[{"name":"wp","href":"https:\/\/api.w.org\/{rel}","templated":true}]}}