{"id":26914,"date":"2026-09-03T02:56:35","date_gmt":"2026-09-03T02:56:35","guid":{"rendered":"https:\/\/hormigaradio.com\/?p=26914"},"modified":"2026-09-03T02:56:35","modified_gmt":"2026-09-03T02:56:35","slug":"encuentran-sin-vida-en-el-rio-yaque-a-hombre-reportado-como-desaparecido-en-santiago","status":"publish","type":"post","link":"https:\/\/hormigaradio.com\/?p=26914","title":{"rendered":"ENCUENTRAN SIN VIDA EN EL R\u00cdO YAQUE A HOMBRE REPORTADO COMO DESAPARECIDO EN SANTIAGO"},"content":{"rendered":"<p>Por\u00a0<span class=\"name font-600\"><a title=\"M\u00e1ximo Laureano\" href=\"https:\/\/acento.com.do\/autor\/mlaureano.html\">M\u00e1ximo Laureano<\/a><\/span><\/p>\n<p>Brigadas de la\u00a0<strong>Defensa Civil<\/strong>\u00a0en Santiago recuperaron este mi\u00e9rcoles el cad\u00e1ver de Jos\u00e9 Alcib\u00edades Garc\u00eda, de 65 a\u00f1os, quien hab\u00eda sido reportado como desaparecido desde el pasado domingo 30 de agosto.<\/p>\n<p>Seg\u00fan un reporte de la\u00a0<strong>Defensa Civil<\/strong>, Garc\u00eda hab\u00eda salido de su residencia aproximadamente a las 8:30 de la ma\u00f1ana del domingo para dirigirse al balneario El Guano, ubicado en el r\u00edo\u00a0<strong>Yaque del Norte<\/strong>, en Santiago, pero no regres\u00f3 a su residencia.<\/p>\n<p>El lunes 31 de agosto, las autoridades informaron que hab\u00edan encontrado una motocicleta tipo pasola, la ropa de Garc\u00eda y alimentos, por lo que se activ\u00f3 el protocolo de localizaci\u00f3n.<\/p>\n<p>El cuerpo de\u00a0<strong>Jos\u00e9 Alcib\u00edades Garc\u00eda<\/strong>\u00a0fue localizado pasada la 1:00 de la tarde de este mi\u00e9rcoles, en el \u00e1rea de la compuerta de\u00a0<strong>La Otra Banda<\/strong>.<\/p>\n<section id=\"newsletter\">\n<header class=\"newsletter__header\"><\/header>\n<p class=\"newsletter__disclaimer\">\u201cUna vez recuperado el cuerpo, el mismo fue levantado por el Instituto Nacional de Ciencias Forenses <strong>(Inacif),<\/strong>\u00a0el Departamento de Homicidios y la Fiscal\u00eda, quienes procedieron de manera inmediata con los procedimientos legales correspondientes\u201d, inform\u00f3 la Defensa Civil tras el hallazgo del cad\u00e1ver.<\/p>\n<\/section>\n<p>Visitas: 0<\/p>","protected":false},"excerpt":{"rendered":"<p>Por\u00a0M\u00e1ximo Laureano Brigadas de la\u00a0Defensa Civil\u00a0en Santiago recuperaron este mi\u00e9rcoles el cad\u00e1ver de Jos\u00e9 Alcib\u00edades Garc\u00eda, de 65 a\u00f1os, quien hab\u00eda sido reportado como<\/p>\n","protected":false},"author":3,"featured_media":26915,"comment_status":"closed","ping_status":"closed","sticky":false,"template":"","format":"standard","meta":{"footnotes":""},"categories":[3],"tags":[],"class_list":["post-26914","post","type-post","status-publish","format-standard","has-post-thumbnail","hentry","category-diarismo"],"_links":{"self":[{"href":"https:\/\/hormigaradio.com\/index.php?rest_route=\/wp\/v2\/posts\/26914","targetHints":{"allow":["GET"]}}],"collection":[{"href":"https:\/\/hormigaradio.com\/index.php?rest_route=\/wp\/v2\/posts"}],"about":[{"href":"https:\/\/hormigaradio.com\/index.php?rest_route=\/wp\/v2\/types\/post"}],"author":[{"embeddable":true,"href":"https:\/\/hormigaradio.com\/index.php?rest_route=\/wp\/v2\/users\/3"}],"replies":[{"embeddable":true,"href":"https:\/\/hormigaradio.com\/index.php?rest_route=%2Fwp%2Fv2%2Fcomments&post=26914"}],"version-history":[{"count":1,"href":"https:\/\/hormigaradio.com\/index.php?rest_route=\/wp\/v2\/posts\/26914\/revisions"}],"predecessor-version":[{"id":26916,"href":"https:\/\/hormigaradio.com\/index.php?rest_route=\/wp\/v2\/posts\/26914\/revisions\/26916"}],"wp:featuredmedia":[{"embeddable":true,"href":"https:\/\/hormigaradio.com\/index.php?rest_route=\/wp\/v2\/media\/26915"}],"wp:attachment":[{"href":"https:\/\/hormigaradio.com\/index.php?rest_route=%2Fwp%2Fv2%2Fmedia&parent=26914"}],"wp:term":[{"taxonomy":"category","embeddable":true,"href":"https:\/\/hormigaradio.com\/index.php?rest_route=%2Fwp%2Fv2%2Fcategories&post=26914"},{"taxonomy":"post_tag","embeddable":true,"href":"https:\/\/hormigaradio.com\/index.php?rest_route=%2Fwp%2Fv2%2Ftags&post=26914"}],"curies":[{"name":"wp","href":"https:\/\/api.w.org\/{rel}","templated":true}]}}