{"id":26917,"date":"2026-09-03T03:00:09","date_gmt":"2026-09-03T03:00:09","guid":{"rendered":"https:\/\/hormigaradio.com\/?p=26917"},"modified":"2026-09-03T03:01:17","modified_gmt":"2026-09-03T03:01:17","slug":"encargado-de-educacion-en-santiago-afirma-que-24-ninos-afectados-por-desayuno-escolar-ya-estan-bien","status":"publish","type":"post","link":"https:\/\/hormigaradio.com\/?p=26917","title":{"rendered":"ENCARGADO DE EDUCACI\u00d3N EN SANTIAGO AFIRMA QUE 24 NI\u00d1OS AFECTADOS POR DESAYUNO ESCOLAR YA EST\u00c1N BIEN"},"content":{"rendered":"<p>Por\u00a0<span class=\"name font-600\"><a title=\"M\u00e1ximo Laureano\" href=\"https:\/\/acento.com.do\/autor\/mlaureano.html\">M\u00e1ximo Laureano<\/a><\/span><\/p>\n<p>El encargado de la Regional 08 del\u00a0<strong>Ministerio de Educaci\u00f3n<\/strong>, en Santiago,\u00a0<strong>Pedro Pablo Marte<\/strong>, inform\u00f3 que los 24 alumnos que presentaron problemas de indigesti\u00f3n tras consumir el desayuno escolar en la escuela\u00a0<strong>Fernando Valerio<\/strong>, del municipio\u00a0<strong>Villa Gonz\u00e1lez<\/strong>, se encuentran fuera de peligro.<\/p>\n<p>El profesor explic\u00f3 que los menores presentaron malestares luego de consumir la leche del desayuno escolar, raz\u00f3n por la cual algunos debieron ser ingresados en centros de salud cercanos. No obstante, afirm\u00f3 que este mi\u00e9rcoles los estudiantes se encuentran fuera de peligro.<\/p>\n<p>Sobre lo sucedido, el funcionario dijo que se realiza un levantamiento para determinar en qu\u00e9 punto de la cadena de manipulaci\u00f3n de los alimentos del desayuno escolar se produjo la falla y, posteriormente, establecer las responsabilidades correspondientes.<\/p>\n<p>Seg\u00fan las informaciones sobre el caso, los alumnos afectados presentaron s\u00edntomas como v\u00f3mitos, diarrea y otros malestares, situaci\u00f3n que gener\u00f3 preocupaci\u00f3n entre miembros de la comunidad.<\/p>\n<section id=\"newsletter\">\n<header class=\"newsletter__header\"><\/header>\n<p class=\"newsletter__disclaimer\">\u201cSe est\u00e1 evaluando la posibilidad de que este suplidor sea analizado en profundidad, porque, en definitiva, no est\u00e1 bajo el control de nosotros, sino de <strong>Inabie\u201d,<\/strong>\u00a0dijo el profesor\u00a0<strong>Pedro Pablo Marte<\/strong>.<\/p>\n<\/section>\n<p>El educador agreg\u00f3 que, como receptores de los alimentos del desayuno y almuerzo escolar, el personal de las escuelas tiene el deber de velar por que se d\u00e9 un seguimiento adecuado a los procesos.<\/p>\n<div class=\"banner-box\"><\/div>\n<p>&nbsp;<\/p>\n<div class=\"con-tags-container\">\n<p class=\"con-tags__kicker\">EN ESTA NOTA<\/p>\n<\/div>\n<p>Visitas: 0<\/p>","protected":false},"excerpt":{"rendered":"<p>Por\u00a0M\u00e1ximo Laureano El encargado de la Regional 08 del\u00a0Ministerio de Educaci\u00f3n, en Santiago,\u00a0Pedro Pablo Marte, inform\u00f3 que los 24 alumnos que presentaron problemas de<\/p>\n","protected":false},"author":3,"featured_media":26919,"comment_status":"closed","ping_status":"closed","sticky":false,"template":"","format":"standard","meta":{"footnotes":""},"categories":[3],"tags":[],"class_list":["post-26917","post","type-post","status-publish","format-standard","has-post-thumbnail","hentry","category-diarismo"],"_links":{"self":[{"href":"https:\/\/hormigaradio.com\/index.php?rest_route=\/wp\/v2\/posts\/26917","targetHints":{"allow":["GET"]}}],"collection":[{"href":"https:\/\/hormigaradio.com\/index.php?rest_route=\/wp\/v2\/posts"}],"about":[{"href":"https:\/\/hormigaradio.com\/index.php?rest_route=\/wp\/v2\/types\/post"}],"author":[{"embeddable":true,"href":"https:\/\/hormigaradio.com\/index.php?rest_route=\/wp\/v2\/users\/3"}],"replies":[{"embeddable":true,"href":"https:\/\/hormigaradio.com\/index.php?rest_route=%2Fwp%2Fv2%2Fcomments&post=26917"}],"version-history":[{"count":1,"href":"https:\/\/hormigaradio.com\/index.php?rest_route=\/wp\/v2\/posts\/26917\/revisions"}],"predecessor-version":[{"id":26918,"href":"https:\/\/hormigaradio.com\/index.php?rest_route=\/wp\/v2\/posts\/26917\/revisions\/26918"}],"wp:featuredmedia":[{"embeddable":true,"href":"https:\/\/hormigaradio.com\/index.php?rest_route=\/wp\/v2\/media\/26919"}],"wp:attachment":[{"href":"https:\/\/hormigaradio.com\/index.php?rest_route=%2Fwp%2Fv2%2Fmedia&parent=26917"}],"wp:term":[{"taxonomy":"category","embeddable":true,"href":"https:\/\/hormigaradio.com\/index.php?rest_route=%2Fwp%2Fv2%2Fcategories&post=26917"},{"taxonomy":"post_tag","embeddable":true,"href":"https:\/\/hormigaradio.com\/index.php?rest_route=%2Fwp%2Fv2%2Ftags&post=26917"}],"curies":[{"name":"wp","href":"https:\/\/api.w.org\/{rel}","templated":true}]}}