{"id":26920,"date":"2026-09-03T03:05:49","date_gmt":"2026-09-03T03:05:49","guid":{"rendered":"https:\/\/hormigaradio.com\/?p=26920"},"modified":"2026-09-03T03:08:38","modified_gmt":"2026-09-03T03:08:38","slug":"padres-y-madres-anuncian-paro-en-santiago-oeste-por-retrasos-en-escuela-rafaela-jiminian","status":"publish","type":"post","link":"https:\/\/hormigaradio.com\/?p=26920","title":{"rendered":"PADRES Y MADRES ANUNCIAN PARO EN SANTIAGO OESTE POR RETRASOS EN ESCUELA RAFAELA JIMINI\u00c1N"},"content":{"rendered":"<p>Por\u00a0<span class=\"name font-600\"><a title=\"M\u00e1ximo Laureano\" href=\"https:\/\/acento.com.do\/autor\/mlaureano.html\">M\u00e1ximo Laureano<\/a><\/span><\/p>\n<p>Los padres y madres de unos 800 estudiantes de la escuela\u00a0<strong>Rafaela Jimini\u00e1n, en Santiago Oeste-Cienfuegos<\/strong>, anunciaron un paro de labores para los d\u00edas 7 y 8 de septiembre, en reclamo de la terminaci\u00f3n de los trabajos de reconstrucci\u00f3n del centro, que llevan dos a\u00f1os en proceso.<\/p>\n<p>Una semana despu\u00e9s de iniciado el calendario escolar 2026-2027, los estudiantes no han podido asistir a clases debido a la falta de aulas. A esto se suma que la alternativa de habilitar un local para impartir la docencia, anunciada por el encargado de la Regional 08 del Ministerio de Educaci\u00f3n\u00a0<strong>(Minerd),<\/strong>\u00a0Pedro Pablo Marte, a\u00fan no se ha concretado.<\/p>\n<div class=\"sbi-embed-wrap\">\n<p><iframe id=\"instagram-embed-0\" class=\"instagram-media sbi-embed instagram-media-rendered\" src=\"https:\/\/www.instagram.com\/reel\/DcyXntZJNwC\/embed\/captioned\/?cr=1&amp;v=14&amp;wp=839&amp;rd=https%3A%2F%2Facento.com.do&amp;rp=%2Factualidad%2Fpadres-y-madres-anuncian-paro-en-santiago-oeste-por-retrasos-en-escuela-rafaela-jiminian-9746836.html#%7B%22ci%22%3A0%2C%22os%22%3A1727.9000000059605%7D\" height=\"1062\" frameborder=\"0\" scrolling=\"no\" allowfullscreen=\"allowfullscreen\" data-instgrm-payload-id=\"instagram-media-payload-0\" data-mce-fragment=\"1\"><\/iframe><\/p>\n<\/div>\n<p>\u201cEst\u00e1n empujando a nuestros hijos a que no sean profesionales, que se queden en las calles y sean delincuentes\u201d, expresaron los padres, quienes aseguran que el derecho a la educaci\u00f3n, consagrado en la Constituci\u00f3n, est\u00e1 siendo vulnerado por la falta de respuesta de las autoridades.<\/p>\n<section id=\"newsletter\">\n<header class=\"newsletter__header\"><\/header>\n<p class=\"newsletter__disclaimer\">Los padres han denunciado que los trabajos de reacondicionamiento de la escuela llevan dos a\u00f1os y que no se vislumbra una soluci\u00f3n a corto plazo, mientras los ni\u00f1os y ni\u00f1as permanecen en sus casas con sus mochilas preparadas.<\/p>\n<\/section>\n<figure class=\"no-caption\"><\/figure>\n<p>\u201cCuando Faride vino el otro d\u00eda dijo que la Constituci\u00f3n hay que cumplirla y que la educaci\u00f3n es un derecho. \u00bfQu\u00e9 cumplimiento de ninguna ley se est\u00e1 haciendo?\u201d, cuestion\u00f3 una de las madres, en evidente indignaci\u00f3n por la situaci\u00f3n del centro educativo.<\/p>\n<p>La madre llam\u00f3 a los sectores del transporte, comerciales y comunitarios a sumarse a la protesta convocada para los d\u00edas 7 y 8 de septiembre, con la que buscan presionar por una soluci\u00f3n que permita evitar que los estudiantes contin\u00faen fuera de las aulas durante el a\u00f1o escolar 2026-2027.<\/p>\n<figure class=\"no-caption\"><img loading=\"lazy\" decoding=\"async\" title=\"Padres y madres anuncian paro en Santiago Oeste por retrasos en escuela Rafaela Jimini\u00e1n\" src=\"https:\/\/media.acento.com.do\/media\/storage02\/uploads\/2026\/09\/En-El-Embrujo-III-en-Santiago-claman-por-el-arreglo-de-las-calles-1-728x485.webp\" alt=\"Padres y madres anuncian paro en Santiago Oeste por retrasos en escuela Rafaela Jimini\u00e1n\" width=\"728\" height=\"485\" \/><\/figure>\n<p>Visitas: 0<\/p>","protected":false},"excerpt":{"rendered":"<p>Por\u00a0M\u00e1ximo Laureano Los padres y madres de unos 800 estudiantes de la escuela\u00a0Rafaela Jimini\u00e1n, en Santiago Oeste-Cienfuegos, anunciaron un paro de labores para los<\/p>\n","protected":false},"author":3,"featured_media":26922,"comment_status":"closed","ping_status":"closed","sticky":false,"template":"","format":"standard","meta":{"footnotes":""},"categories":[3],"tags":[],"class_list":["post-26920","post","type-post","status-publish","format-standard","has-post-thumbnail","hentry","category-diarismo"],"_links":{"self":[{"href":"https:\/\/hormigaradio.com\/index.php?rest_route=\/wp\/v2\/posts\/26920","targetHints":{"allow":["GET"]}}],"collection":[{"href":"https:\/\/hormigaradio.com\/index.php?rest_route=\/wp\/v2\/posts"}],"about":[{"href":"https:\/\/hormigaradio.com\/index.php?rest_route=\/wp\/v2\/types\/post"}],"author":[{"embeddable":true,"href":"https:\/\/hormigaradio.com\/index.php?rest_route=\/wp\/v2\/users\/3"}],"replies":[{"embeddable":true,"href":"https:\/\/hormigaradio.com\/index.php?rest_route=%2Fwp%2Fv2%2Fcomments&post=26920"}],"version-history":[{"count":2,"href":"https:\/\/hormigaradio.com\/index.php?rest_route=\/wp\/v2\/posts\/26920\/revisions"}],"predecessor-version":[{"id":26923,"href":"https:\/\/hormigaradio.com\/index.php?rest_route=\/wp\/v2\/posts\/26920\/revisions\/26923"}],"wp:featuredmedia":[{"embeddable":true,"href":"https:\/\/hormigaradio.com\/index.php?rest_route=\/wp\/v2\/media\/26922"}],"wp:attachment":[{"href":"https:\/\/hormigaradio.com\/index.php?rest_route=%2Fwp%2Fv2%2Fmedia&parent=26920"}],"wp:term":[{"taxonomy":"category","embeddable":true,"href":"https:\/\/hormigaradio.com\/index.php?rest_route=%2Fwp%2Fv2%2Fcategories&post=26920"},{"taxonomy":"post_tag","embeddable":true,"href":"https:\/\/hormigaradio.com\/index.php?rest_route=%2Fwp%2Fv2%2Ftags&post=26920"}],"curies":[{"name":"wp","href":"https:\/\/api.w.org\/{rel}","templated":true}]}}