{"id":26925,"date":"2026-09-04T03:04:33","date_gmt":"2026-09-04T03:04:33","guid":{"rendered":"https:\/\/hormigaradio.com\/?p=26925"},"modified":"2026-09-04T03:07:45","modified_gmt":"2026-09-04T03:07:45","slug":"tres-organizaciones-se-disputan-hegemonia-del-transporte-de-pasajeros-en-santiago","status":"publish","type":"post","link":"https:\/\/hormigaradio.com\/?p=26925","title":{"rendered":"TRES ORGANIZACIONES SE DISPUTAN HEGEMON\u00cdA DEL TRANSPORTE DE PASAJEROS EN SANTIAGO"},"content":{"rendered":"<p>Por\u00a0<span class=\"name font-600\"><a title=\"M\u00e1ximo Laureano\" href=\"https:\/\/acento.com.do\/autor\/mlaureano.html\">M\u00e1ximo Laureano<\/a><\/span><\/p>\n<p>Tres organizaciones se disputan la hegemon\u00eda del\u00a0<strong>transporte de pasajeros en Santiago<\/strong>, tanto en la zona urbana como en los dem\u00e1s municipios de la provincia y en el servicio desde esta demarcaci\u00f3n hacia otros pueblos de la regi\u00f3n del Cibao.<\/p>\n<p>Con un dominio casi absoluto sobre qui\u00e9n opera una ruta, qui\u00e9n no y cu\u00e1nto se cobra por los pasajes, estas entidades manejan los corredores aprobados y fiscalizados por el departamento de Tr\u00e1nsito del\u00a0<strong>Ayuntamiento de Santiago<\/strong>, que autoriza los permisos de circulaci\u00f3n mediante una renovaci\u00f3n anual conocida como asignaci\u00f3n de franjas, decisi\u00f3n que queda en manos del\u00a0<strong>Concejo Municipal<\/strong>.<\/p>\n<p>Sin embargo, la fiscalizaci\u00f3n de las autoridades municipales es limitada, debido a que, fuera de la autorizaci\u00f3n de los corredores y la aprobaci\u00f3n de las franjas o permisos de circulaci\u00f3n, el transporte de pasajeros en Santiago opera como una empresa privada. Esa realidad motiva la competencia entre las organizaciones, que trazan buena parte de las pol\u00edticas del transporte urbano, suburbano e interurbano.<\/p>\n<h2>CNTT<\/h2>\n<p>La mayor representaci\u00f3n de rutas est\u00e1 agrupada en la\u00a0<strong>Confederaci\u00f3n Nacional de Trabajadores del Transporte (CNTT)<\/strong>, encabezada por\u00a0<strong>Juan de Jes\u00fas Marte Valenzuela<\/strong>, quien afirma tener bajo su organizaci\u00f3n el\u00a0<strong>90 %<\/strong>\u00a0de las rutas urbanas, suburbanas e interurbanas.<\/p>\n<section id=\"newsletter\">\n<header class=\"newsletter__header\"><\/header>\n<p class=\"newsletter__disclaimer\">Rutas urbanas como las <strong>U, H, HB, N, NC, P, PC, PA, G, E, L, SP, CA y RPA<\/strong>\u00a0est\u00e1n afiliadas a la CNTT. En total, la entidad integra\u00a0<strong>46 rutas urbanas<\/strong>, nueve federaciones,\u00a0<strong>82 rutas interurbanas<\/strong>,\u00a0<strong>43 empresas de taxis<\/strong>\u00a0y siete asociaciones, de acuerdo con los datos ofrecidos por la organizaci\u00f3n.<\/p>\n<\/section>\n<div class=\"gallery\">\n<figure class=\"gallery-item\"><img sizes=\"(max-width: 360px) 320px, 700px\" srcset=\"https:\/\/media.acento.com.do\/media\/storage02\/uploads\/2026\/09\/0fec30a2-d2e3-47ab-b64e-7572c0a165fb-360x270.webp 360w, https:\/\/media.acento.com.do\/media\/storage02\/uploads\/2026\/09\/0fec30a2-d2e3-47ab-b64e-7572c0a165fb-728x546.webp 728w\" alt=\"\" \/><figcaption class=\"gallery-caption\">1 de 10\u00a0|<\/figcaption><\/figure>\n<figure class=\"gallery-item\"><img sizes=\"(max-width: 360px) 320px, 700px\" srcset=\"https:\/\/media.acento.com.do\/media\/storage02\/uploads\/2026\/09\/29427717-e68e-4218-a0bc-688d0fd2935b-360x270.webp 360w, https:\/\/media.acento.com.do\/media\/storage02\/uploads\/2026\/09\/29427717-e68e-4218-a0bc-688d0fd2935b-728x546.webp 728w\" alt=\"\" \/><figcaption class=\"gallery-caption\">2 de 10\u00a0|<\/figcaption><\/figure>\n<figure class=\"gallery-item\"><img sizes=\"(max-width: 360px) 320px, 700px\" srcset=\"https:\/\/media.acento.com.do\/media\/storage02\/uploads\/2026\/09\/acb1e6a9-8b59-4453-af37-0039ea5026fe-360x270.webp 360w, https:\/\/media.acento.com.do\/media\/storage02\/uploads\/2026\/09\/acb1e6a9-8b59-4453-af37-0039ea5026fe-728x546.webp 728w\" alt=\"\" \/><figcaption class=\"gallery-caption\">3 de 10\u00a0|<\/figcaption><\/figure>\n<figure class=\"gallery-item\"><img sizes=\"(max-width: 360px) 320px, 700px\" srcset=\"https:\/\/media.acento.com.do\/media\/storage02\/uploads\/2026\/09\/93961b80-c099-4081-88e3-2f33d22ad2a5-360x270.webp 360w, https:\/\/media.acento.com.do\/media\/storage02\/uploads\/2026\/09\/93961b80-c099-4081-88e3-2f33d22ad2a5-728x546.webp 728w\" alt=\"\" \/><figcaption class=\"gallery-caption\">4 de 10\u00a0|<\/figcaption><\/figure>\n<figure class=\"gallery-item\"><img sizes=\"(max-width: 360px) 320px, 700px\" srcset=\"https:\/\/media.acento.com.do\/media\/storage02\/uploads\/2026\/09\/ea8d3b05-b17f-4dbd-be11-0a11238e8087-360x270.webp 360w, https:\/\/media.acento.com.do\/media\/storage02\/uploads\/2026\/09\/ea8d3b05-b17f-4dbd-be11-0a11238e8087-728x546.webp 728w\" alt=\"\" \/><figcaption class=\"gallery-caption\">5 de 10\u00a0|<\/figcaption><\/figure>\n<figure class=\"gallery-item\"><img sizes=\"(max-width: 360px) 320px, 700px\" srcset=\"https:\/\/media.acento.com.do\/media\/storage02\/uploads\/2026\/09\/34188533-9a3e-4cba-96fc-b46bb842b9d0-360x270.webp 360w, https:\/\/media.acento.com.do\/media\/storage02\/uploads\/2026\/09\/34188533-9a3e-4cba-96fc-b46bb842b9d0-728x546.webp 728w\" alt=\"\" \/><figcaption class=\"gallery-caption\">6 de 10\u00a0|<\/figcaption><\/figure>\n<figure class=\"gallery-item\"><img sizes=\"(max-width: 360px) 320px, 700px\" srcset=\"https:\/\/media.acento.com.do\/media\/storage02\/uploads\/2026\/09\/f0b6e5c4-2000-49a3-a7fb-3c2438db3c02-360x270.webp 360w, https:\/\/media.acento.com.do\/media\/storage02\/uploads\/2026\/09\/f0b6e5c4-2000-49a3-a7fb-3c2438db3c02-728x546.webp 728w\" alt=\"\" \/><figcaption class=\"gallery-caption\">7 de 10\u00a0|<\/figcaption><\/figure>\n<figure class=\"gallery-item\"><img sizes=\"(max-width: 360px) 320px, 700px\" srcset=\"https:\/\/media.acento.com.do\/media\/storage02\/uploads\/2026\/09\/e65840c5-3a4a-4b5f-a089-cfb141e6db49-360x270.webp 360w, https:\/\/media.acento.com.do\/media\/storage02\/uploads\/2026\/09\/e65840c5-3a4a-4b5f-a089-cfb141e6db49-728x546.webp 728w\" alt=\"\" \/><figcaption class=\"gallery-caption\">8 de 10\u00a0|<\/figcaption><\/figure>\n<figure class=\"gallery-item\"><img sizes=\"(max-width: 360px) 320px, 700px\" srcset=\"https:\/\/media.acento.com.do\/media\/storage02\/uploads\/2026\/09\/55aebfe7-5c30-4fb9-93cd-2eafc1f7ec6b-360x270.webp 360w, https:\/\/media.acento.com.do\/media\/storage02\/uploads\/2026\/09\/55aebfe7-5c30-4fb9-93cd-2eafc1f7ec6b-728x546.webp 728w\" alt=\"\" \/><figcaption class=\"gallery-caption\">9 de 10\u00a0|<\/figcaption><\/figure>\n<figure class=\"gallery-item\"><img sizes=\"(max-width: 360px) 320px, 700px\" srcset=\"https:\/\/media.acento.com.do\/media\/storage02\/uploads\/2026\/09\/c0bae5eb-2ab4-4576-b25b-190006f64a8d-360x270.webp 360w, https:\/\/media.acento.com.do\/media\/storage02\/uploads\/2026\/09\/c0bae5eb-2ab4-4576-b25b-190006f64a8d-728x546.webp 728w\" alt=\"\" \/><figcaption class=\"gallery-caption\">10 de 10\u00a0|<\/figcaption><\/figure>\n<\/div>\n<p>Fue desde la CNTT que se impuls\u00f3, a principios de julio de\u00a0<strong>2026<\/strong>, un aumento en las tarifas de las rutas urbanas, de\u00a0<strong>RD$35.00<\/strong>\u00a0a\u00a0<strong>RD$40.00<\/strong>, medida que gener\u00f3 disgustos entre usuarios y diferencias entre las organizaciones del transporte.<\/p>\n<p>Tras varias reuniones con las autoridades, el aumento del pasaje empez\u00f3 a aplicarse desde el\u00a0<strong>24 de agosto<\/strong>\u00a0en todas las rutas urbanas de Santiago, aprovechando el inicio de la temporada escolar, considerada como una etapa de mayor demanda para el transporte p\u00fablico.<\/p>\n<p>Sin embargo, una semana despu\u00e9s, este lunes\u00a0<strong>1 de septiembre<\/strong>, la CNTT anunci\u00f3 una rebaja de\u00a0<strong>RD$10.00<\/strong>\u00a0para estudiantes de escuelas p\u00fablicas, colegios y el programa Prepara, as\u00ed como para agentes de la\u00a0<strong>Polic\u00eda Nacional<\/strong>, miembros de la\u00a0<strong>Direcci\u00f3n General de Seguridad de Tr\u00e1nsito y Transporte Terrestre (Digesett)<\/strong>\u00a0y del\u00a0<strong>Ej\u00e9rcito de la Rep\u00fablica Dominicana<\/strong>, una modalidad que ya hab\u00eda sido anunciada previamente.<\/p>\n<p>\u201cEntendemos la situaci\u00f3n de precariedad que viven muchos usuarios y sabemos que los estudiantes no trabajan ni producen, sino que se dedican a estudiar; por eso se ha considerado aplicar una rebaja de 10 pesos en el transporte urbano\u201d, expres\u00f3\u00a0<strong>Marte<\/strong>, quien dijo que act\u00faa como vocero de una decisi\u00f3n tomada por los dirigentes de las rutas.<\/p>\n<p>Para la pr\u00f3xima semana se estar\u00edan sumando a los beneficiarios de la rebaja de\u00a0<strong>RD$10.00<\/strong>\u00a0las personas con discapacidad, dijo Marte a esta redacci\u00f3n en Santiago.<\/p>\n<h2>Fenatrareno<\/h2>\n<p>Un segundo grupo con influencia en el transporte de pasajeros en Santiago es la\u00a0<strong>Federaci\u00f3n Nacional de Trabajadores del Transporte de la Regi\u00f3n Norte (Fenatrareno)<\/strong>, dirigida por\u00a0<strong>Gervasio de la Rosa<\/strong>, uno de los iniciadores del concho en Santiago.<\/p>\n<div class=\"related-news\"><\/div>\n<p><iframe loading=\"lazy\" src=\"https:\/\/drive.google.com\/file\/d\/1qo-9oxt5IX99NkDNLsBVJzSVBXP53Cey\/preview\" width=\"640\" height=\"480\" data-mce-fragment=\"1\"><\/iframe><\/p>\n<p>Fenatrareno, organizaci\u00f3n af\u00edn al\u00a0<strong>Consejo Nacional del Transporte (Conatra)<\/strong>, que encabeza\u00a0<strong>Antonio Marte<\/strong>, agrupa\u00a0<strong>32 organizaciones<\/strong>\u00a0en Santiago y la regi\u00f3n.<\/p>\n<p>La entidad tiene el control de rutas o corredores urbanos como\u00a0<strong>M, A, O, SO, CK, CJ27, ZP, PS, Licey, Don Pedro, Q, ENS, DT, HV y B<\/strong>, donde tambi\u00e9n se ha aplicado el aumento del pasaje de\u00a0<strong>RD$35.00<\/strong>\u00a0a\u00a0<strong>RD$40.00<\/strong>, aunque p\u00fablicamente no lo han reconocido.<\/p>\n<p>Sobre la modalidad de ofrecer facilidades focalizadas a usuarios, es decir, la rebaja de\u00a0<strong>RD$10.00<\/strong>\u00a0a estudiantes, militares, polic\u00edas y otros sectores,\u00a0<strong>Gervasio de la Rosa<\/strong>\u00a0afirm\u00f3 que eso no es nuevo, ya que desde hace mucho tiempo se aplica en las organizaciones que representa.<\/p>\n<h2>Asotrado<\/h2>\n<p>La tercera organizaci\u00f3n que emerge en la competencia por el control del transporte de pasajeros en Santiago es la\u00a0<strong>Asociaci\u00f3n de Transportistas Dominicanos (Asotrado)<\/strong>, un desprendimiento de la CNTT, de creaci\u00f3n reciente, representada por\u00a0<strong>Javier Checo<\/strong>.<\/p>\n<p>Asotrado no tiene rutas urbanas, pero maneja la movilidad de pasajeros hacia las comunidades de la sierra desde Santiago.<\/p>\n<p>Esta organizaci\u00f3n tiene rutas hacia\u00a0<strong>Diferencia, Celestina, Pananao, Cuatro Esquinas, El Rubio, Pinalito, El Caimito, Las Piedras, Rinc\u00f3n de Piedra, Mata Grande, Carrizal, Las Placetas, Los Montones, Jamam\u00fa, La Laguna y Corosito<\/strong>.<\/p>\n<p><strong>Javier Checo<\/strong>\u00a0explic\u00f3 que, aunque Asotrado no tiene rutas afiliadas en los corredores de la zona urbana de Santiago, mantiene acuerdos con conductores que cubren el servicio desde el centro de la ciudad hacia los municipios de la sierra, entre ellos\u00a0<strong>San Jos\u00e9 de las Matas, J\u00e1nico y Sabana Iglesia<\/strong>, as\u00ed como hacia la provincia\u00a0<strong>La Vega<\/strong>\u00a0y\u00a0<strong>San Francisco de Macor\u00eds<\/strong>, en la provincia Duarte.<\/p>\n<p>Las rutas interurbanas de Asotrado son\u00a0<strong>22<\/strong>, mientras que los taxistas afiliados suman\u00a0<strong>1,800<\/strong>\u00a0y los motoconchistas\u00a0<strong>15,000<\/strong>, seg\u00fan las cifras ofrecidas por Checo.<\/p>\n<p>La facilidad de Asotrado para los usuarios consiste en una rebaja de\u00a0<strong>RD$50.00<\/strong>\u00a0a estudiantes universitarios que presenten su identificaci\u00f3n y a pacientes en situaciones especiales que viajan con frecuencia a centros urbanos para recibir atenciones m\u00e9dicas, como di\u00e1lisis y otros tratamientos.<\/p>\n<div class=\"related-news\"><\/div>\n<p>Para tener una idea de la rebaja, un pasaje desde Santiago hasta\u00a0<strong>San Jos\u00e9 de las Matas<\/strong>\u00a0cuesta\u00a0<strong>RD$200.00<\/strong>\u00a0y sube a\u00a0<strong>RD$350.00<\/strong>\u00a0si el usuario llega hasta comunidades como\u00a0<strong>Manacla<\/strong>\u00a0y\u00a0<strong>Diferencia<\/strong>.<\/p>\n<p>Con relaci\u00f3n a los pacientes que viajan para ser asistidos en hospitales de Santiago, Checo afirm\u00f3 que cada conductor ya conoce a estas personas y sabe c\u00f3mo actuar para la aplicaci\u00f3n de descuentos en los pasajes.<\/p>\n<h2>La ruta F funciona independiente<\/h2>\n<p>Entre las rutas urbanas de Santiago se destaca la\u00a0<strong>ruta F<\/strong>, una de las m\u00e1s reconocidas, que cubre un corredor desde el distrito municipal\u00a0<strong>Santiago Oeste (Cienfuegos)<\/strong>\u00a0hasta la avenida\u00a0<strong>27 de Febrero<\/strong>, en las proximidades del\u00a0<strong>Hospital Jos\u00e9 Mar\u00eda Cabral y B\u00e1ez<\/strong>.<\/p>\n<p>A ra\u00edz de la muerte de su operador,\u00a0<strong>Persio Veras<\/strong>, en\u00a0<strong>2022<\/strong>, esta l\u00ednea de concho funciona de manera independiente.<\/p>\n<p>Visitas: 1<\/p>","protected":false},"excerpt":{"rendered":"<p>Por\u00a0M\u00e1ximo Laureano Tres organizaciones se disputan la hegemon\u00eda del\u00a0transporte de pasajeros en Santiago, tanto en la zona urbana como en los dem\u00e1s municipios de<\/p>\n","protected":false},"author":3,"featured_media":26927,"comment_status":"closed","ping_status":"closed","sticky":false,"template":"","format":"standard","meta":{"footnotes":""},"categories":[9],"tags":[],"class_list":["post-26925","post","type-post","status-publish","format-standard","has-post-thumbnail","hentry","category-por-dentro"],"_links":{"self":[{"href":"https:\/\/hormigaradio.com\/index.php?rest_route=\/wp\/v2\/posts\/26925","targetHints":{"allow":["GET"]}}],"collection":[{"href":"https:\/\/hormigaradio.com\/index.php?rest_route=\/wp\/v2\/posts"}],"about":[{"href":"https:\/\/hormigaradio.com\/index.php?rest_route=\/wp\/v2\/types\/post"}],"author":[{"embeddable":true,"href":"https:\/\/hormigaradio.com\/index.php?rest_route=\/wp\/v2\/users\/3"}],"replies":[{"embeddable":true,"href":"https:\/\/hormigaradio.com\/index.php?rest_route=%2Fwp%2Fv2%2Fcomments&post=26925"}],"version-history":[{"count":1,"href":"https:\/\/hormigaradio.com\/index.php?rest_route=\/wp\/v2\/posts\/26925\/revisions"}],"predecessor-version":[{"id":26926,"href":"https:\/\/hormigaradio.com\/index.php?rest_route=\/wp\/v2\/posts\/26925\/revisions\/26926"}],"wp:featuredmedia":[{"embeddable":true,"href":"https:\/\/hormigaradio.com\/index.php?rest_route=\/wp\/v2\/media\/26927"}],"wp:attachment":[{"href":"https:\/\/hormigaradio.com\/index.php?rest_route=%2Fwp%2Fv2%2Fmedia&parent=26925"}],"wp:term":[{"taxonomy":"category","embeddable":true,"href":"https:\/\/hormigaradio.com\/index.php?rest_route=%2Fwp%2Fv2%2Fcategories&post=26925"},{"taxonomy":"post_tag","embeddable":true,"href":"https:\/\/hormigaradio.com\/index.php?rest_route=%2Fwp%2Fv2%2Ftags&post=26925"}],"curies":[{"name":"wp","href":"https:\/\/api.w.org\/{rel}","templated":true}]}}