{"id":303,"date":"2018-01-07T18:25:28","date_gmt":"2018-01-07T18:25:28","guid":{"rendered":"http:\/\/hormigaradio.com\/?p=303"},"modified":"2018-01-07T18:25:28","modified_gmt":"2018-01-07T18:25:28","slug":"reclamo-de-rd7-millones-retrasaria-estreno-de-pelicula-la-tragedia-de-rio-verde","status":"publish","type":"post","link":"https:\/\/hormigaradio.com\/?p=303","title":{"rendered":"Reclamo de RD$7 millones retrasar\u00eda estreno de pel\u00edcula \u201cLa Tragedia de R\u00edo Verde\u201d"},"content":{"rendered":"<p><span class=\"author\"><a href=\"https:\/\/acento.com.do\/author\/mlaureano\/\">M\u00e1ximo Laureano<\/a><\/span><\/p>\n<figure id=\"attachment_304\" aria-describedby=\"caption-attachment-304\" style=\"width: 715px\" class=\"wp-caption aligncenter\"><a href=\"http:\/\/hormigaradio.com\/wp-content\/uploads\/2018\/01\/La-tragedia-de-Rio-Verde-pelicula-00.jpg\"><img loading=\"lazy\" class=\"wp-image-304 size-large\" src=\"http:\/\/hormigaradio.com\/wp-content\/uploads\/2018\/01\/La-tragedia-de-Rio-Verde-pelicula-00-1024x625.jpg\" alt=\"\" width=\"715\" height=\"436\" srcset=\"https:\/\/hormigaradio.com\/wp-content\/uploads\/2018\/01\/La-tragedia-de-Rio-Verde-pelicula-00-1024x625.jpg 1024w, https:\/\/hormigaradio.com\/wp-content\/uploads\/2018\/01\/La-tragedia-de-Rio-Verde-pelicula-00-300x183.jpg 300w, https:\/\/hormigaradio.com\/wp-content\/uploads\/2018\/01\/La-tragedia-de-Rio-Verde-pelicula-00-768x468.jpg 768w\" sizes=\"(max-width: 715px) 100vw, 715px\" \/><\/a><figcaption id=\"caption-attachment-304\" class=\"wp-caption-text\"><strong>Promoci\u00f3n pel\u00edcula Tragedia R\u00edo Verde<\/strong><\/figcaption><\/figure>\n<p>SANTO DOMINGO, Rep\u00fablica Dominicana.- El estreno de la pel\u00edcula \u201cLa Tragedia de R\u00edo Verde\u201d, del director Miguel V\u00e1squez, pautado para el 11 de enero del 2018, en el LXX aniversario de este acontecimiento, podr\u00eda posponerse debido a un reclamo por incumplimiento de contrato.<\/p>\n<p>As\u00ed lo ha confirmado a\u00a0<a href=\"http:\/\/acento.com.do\/\" data-saferedirecturl=\"https:\/\/www.google.com\/url?hl=en&amp;q=http:\/\/acento.com.do&amp;source=gmail&amp;ust=1515413559905000&amp;usg=AFQjCNEsT94c2TmSVxp956ZeQ-Spw6iERA\">acento.com.do<\/a>, el abogado Ram\u00f3n Lora Rodr\u00edguez, representante del periodista e historiador deportivo, Rafael Baldayac, quien exige a los productores de la pel\u00edcula, el pago de RD$ 7 millones, para la Asociaci\u00f3n de Cronistas Deportivos de Santiago (ACDS) y la Federaci\u00f3n de Cronistas Deportivos del Cibao (FECROCI).<!--more--><\/p>\n<p>Baldayac afirma que reclama este monto porque fue parte de los acuerdos con los productores del filme dominicano. Tanto \u00e9l como los periodistas Apolinar Peralta y Rafael-Fellito-Ortiz hicieron aportes significativos, desde punto de vista hist\u00f3rico, ya que pusieron sus investigaciones en favor de la producci\u00f3n cinematogr\u00e1fica nacional.<\/p>\n<p>La pel\u00edcula narra la tragedia de que fue v\u00edctima una selecci\u00f3n de b\u00e9isbol que viaj\u00f3 desde Santiago a Barahona para un juego, en 1948. El avi\u00f3n en el cual viajaban los atletas, personal t\u00e9cnico del equipo y fan\u00e1ticos, se estrell\u00f3 en la comunidad de Yamas\u00e1 de la provincia de Monte Plata.<\/p>\n<p>En relaci\u00f3n al conflicto surgido entre los periodistas de Santiago y los productores de la pel\u00edcula, el abogado Ram\u00f3n Lora dijo que este martes 09 de enero del 2018 se conocer\u00e1 en los tribunales de Santiago un referimiento para exigir que se detenga el estreno del filme, hasta tanto se conozca la demanda de los pr\u00f3ximos d\u00edas en la C\u00e1mara Civil y Comercial.<\/p>\n<p>Lora explica que Rafael Baldayac, habr\u00eda hecho un acuerdo consensual con los responsables de la producci\u00f3n de la pel\u00edcula, pero que estos han obviado lo pactado y pretenden iniciar la exhibici\u00f3n del filme, sin cumplir con la parte de Santiago.<\/p>\n<p>El reclamo de los representados en la ACDS y FECROCI es una acci\u00f3n dirigida a Miguel V\u00e1squez, director, y Miguel Angel Mu\u00f1oz, \u00c1ngel Mu\u00f1iz y la empresa Metro Films, quienes, seg\u00fan alega el abogado Lora, debieron cumplir los acuerdos antes del estreno de la pel\u00edcula.<\/p>\n<p>Adem\u00e1s de los RD$ 7 millones, se reclama incluir en la pel\u00edcula los cr\u00e9ditos del historiador deportivo Rafael Baldayac, por los argumentos que aport\u00f3 al trabajo cinematogr\u00e1fico.<\/p>\n<p>Seg\u00fan Lora, los demandantes tienen pruebas fehacientes, testimoniales y documentales, con las cuales demostrar\u00e1n su participaci\u00f3n activa en la producci\u00f3n de \u00a0la pel\u00edcula, raz\u00f3n por la cual se han abocado a este proceso.<\/p>\n<p>Impactos: 115<\/p>","protected":false},"excerpt":{"rendered":"<p>M\u00e1ximo Laureano SANTO DOMINGO, Rep\u00fablica Dominicana.- El estreno de la pel\u00edcula \u201cLa Tragedia de R\u00edo Verde\u201d, del director Miguel V\u00e1squez, pautado para el 11<\/p>\n","protected":false},"author":3,"featured_media":304,"comment_status":"open","ping_status":"closed","sticky":false,"template":"","format":"standard","meta":[],"categories":[4,10],"tags":[],"_links":{"self":[{"href":"https:\/\/hormigaradio.com\/index.php?rest_route=\/wp\/v2\/posts\/303"}],"collection":[{"href":"https:\/\/hormigaradio.com\/index.php?rest_route=\/wp\/v2\/posts"}],"about":[{"href":"https:\/\/hormigaradio.com\/index.php?rest_route=\/wp\/v2\/types\/post"}],"author":[{"embeddable":true,"href":"https:\/\/hormigaradio.com\/index.php?rest_route=\/wp\/v2\/users\/3"}],"replies":[{"embeddable":true,"href":"https:\/\/hormigaradio.com\/index.php?rest_route=%2Fwp%2Fv2%2Fcomments&post=303"}],"version-history":[{"count":1,"href":"https:\/\/hormigaradio.com\/index.php?rest_route=\/wp\/v2\/posts\/303\/revisions"}],"predecessor-version":[{"id":305,"href":"https:\/\/hormigaradio.com\/index.php?rest_route=\/wp\/v2\/posts\/303\/revisions\/305"}],"wp:featuredmedia":[{"embeddable":true,"href":"https:\/\/hormigaradio.com\/index.php?rest_route=\/wp\/v2\/media\/304"}],"wp:attachment":[{"href":"https:\/\/hormigaradio.com\/index.php?rest_route=%2Fwp%2Fv2%2Fmedia&parent=303"}],"wp:term":[{"taxonomy":"category","embeddable":true,"href":"https:\/\/hormigaradio.com\/index.php?rest_route=%2Fwp%2Fv2%2Fcategories&post=303"},{"taxonomy":"post_tag","embeddable":true,"href":"https:\/\/hormigaradio.com\/index.php?rest_route=%2Fwp%2Fv2%2Ftags&post=303"}],"curies":[{"name":"wp","href":"https:\/\/api.w.org\/{rel}","templated":true}]}}