{"id":3657,"date":"2018-10-04T16:20:44","date_gmt":"2018-10-04T16:20:44","guid":{"rendered":"http:\/\/hormigaradio.com\/?p=3657"},"modified":"2018-10-04T16:24:39","modified_gmt":"2018-10-04T16:24:39","slug":"cuerpo-de-inteligencia-del-hospital-juan-xxiii-investigara-por-que-no-hay-hilo-para-suturar-heridas","status":"publish","type":"post","link":"https:\/\/hormigaradio.com\/?p=3657","title":{"rendered":"\u201cCuerpo de inteligencia\u201d del hospital Juan XXIII investigar\u00e1 por qu\u00e9 no hay hilo para suturar heridas"},"content":{"rendered":"<p><a href=\"https:\/\/acento.com.do\/author\/mlaureano\/\">M\u00e1ximo Laureano<\/a><\/p>\n<figure id=\"attachment_3658\" aria-describedby=\"caption-attachment-3658\" style=\"width: 715px\" class=\"wp-caption aligncenter\"><a href=\"http:\/\/hormigaradio.com\/?attachment_id=3658\" rel=\"attachment wp-att-3658\"><img loading=\"lazy\" class=\"wp-image-3658 size-large\" src=\"http:\/\/hormigaradio.com\/wp-content\/uploads\/2018\/10\/Arisnachy-G\u00f3mez-1024x682.jpg\" alt=\"\" width=\"715\" height=\"476\" srcset=\"https:\/\/hormigaradio.com\/wp-content\/uploads\/2018\/10\/Arisnachy-G\u00f3mez-1024x682.jpg 1024w, https:\/\/hormigaradio.com\/wp-content\/uploads\/2018\/10\/Arisnachy-G\u00f3mez-300x200.jpg 300w, https:\/\/hormigaradio.com\/wp-content\/uploads\/2018\/10\/Arisnachy-G\u00f3mez-768x512.jpg 768w, https:\/\/hormigaradio.com\/wp-content\/uploads\/2018\/10\/Arisnachy-G\u00f3mez.jpg 1280w\" sizes=\"(max-width: 715px) 100vw, 715px\" \/><\/a><figcaption id=\"caption-attachment-3658\" class=\"wp-caption-text\"><strong>Foto: M\u00e1ximo Laureano\/Acento.com.do\/Arisnachy Gom\u00e9z D\u00edaz, m\u00e9dico director del Hospital Juan XXIII.<\/strong><\/figcaption><\/figure>\n<p>SANTIAGO.-Arisnachy Gom\u00e9z D\u00edaz, m\u00e9dico director del Hospital Juan XXIII, defendi\u00f3 su gesti\u00f3n\u00a0 y atribuy\u00f3 a posible falta de coordinaci\u00f3n del personal el hecho de que no se cuente con hilos para suturar heridas en el \u00e1rea de emergencia, y para atender las denuncias dijo que pondr\u00e1 en marcha la labor del \u201ccuerpo de inteligencia\u201d del centro de salud.<\/p>\n<p>El m\u00e9dico dijo que el \u201ccuerpo de inteligencia\u201d determinar\u00e1\u00a0 las razones que han llevado a empleados del \u00e1rea de la\u00a0 Emergencia a decir a algunos pacientes que no hay hilo para saturar una herida, pese a que se han suplido con estos insumos.<\/p>\n<p>G\u00f3mez D\u00edaz dijo que tambi\u00e9n se indagar\u00e1n las denuncias de la presunta venta de hilos en algunos negocios contiguos al hospital. Seg\u00fan denuncias de ciudadanos esos hilos son \u201cextra\u00f1amente\u201d parecidos a los que hay en el hospital.<\/p>\n<p>\u201cHay un\u00a0 cuerpo de inteligencia del hospital, entrenado por el Departamento Nacional de Investigaciones (DNI), que se encargar\u00e1 de\u00a0 establecerla veracidad de esas denuncias\u201d,\u00a0 afirm\u00f3 el m\u00e9dico, que dirige este hospital de la zona sur de Santiago, desde el 26 de diciembre del \u00a02013,\u00a0<strong>tras sustituir al internista Sergio D\u00edaz, que fue destituido por denunciar sobrevaluaci\u00f3n de equipos y exigir la terminaci\u00f3n de la reconstrucci\u00f3n del centro de salud.<\/strong><\/p>\n<p>Adem\u00e1s de la situaci\u00f3n del hilo para sutura en la Emergencia del Hospital Juan XXIII, hay denuncias de que el personal del centro de salud no usa el papel \u00a0para las camillas, pese a que tambi\u00e9n se cuenta con este insumo.<\/p>\n<p>El m\u00e9dico Arisnachy G\u00f3mez ha reaccionado ante denuncias de usuarios de que van al centro y que han sido obligados a comprar el hilo.<\/p>\n<p><a href=\"http:\/\/hormigaradio.com\/?attachment_id=3661\" rel=\"attachment wp-att-3661\"><img loading=\"lazy\" class=\"aligncenter size-full wp-image-3661\" src=\"http:\/\/hormigaradio.com\/wp-content\/uploads\/2018\/10\/hospital-JUAN-XXIII.jpg\" alt=\"\" width=\"645\" height=\"429\" srcset=\"https:\/\/hormigaradio.com\/wp-content\/uploads\/2018\/10\/hospital-JUAN-XXIII.jpg 645w, https:\/\/hormigaradio.com\/wp-content\/uploads\/2018\/10\/hospital-JUAN-XXIII-300x200.jpg 300w\" sizes=\"(max-width: 645px) 100vw, 645px\" \/><\/a><\/p>\n<p>El\u00a0 Hospital\u00a0 Juan\u00a0 XXIII es uno de centros de primer nivel m\u00e1s frecuentados en Santiago. Con una asignaci\u00f3n de RD$ 352, 000.00 mensuales,\u00a0 a\u00a0 cuyo monto se le aplica \u00a0el descuento para el pago de los insumos \u00a0a Promesa Cal,\u00a0 las autoridades del\u00a0 Hospital \u00a0Juan XXIII\u00a0 atienden hasta 7, 000 pacientes al mes.<\/p>\n<p>Las denuncias sobre deficiencias en el servicio son frecuentes. Los funcionarios de la direcci\u00f3n aseguran los recursos no son suficientes y que con la\u00a0 modalidad de ventas de servicios a trav\u00e9s del Seguro Nacional de Salud (Senasa) han empezado a recibir un poco m\u00e1s.<\/p>\n<p>El Hospital Juan\u00a0 XXIII est\u00e1 dividido en un nuevo edificio, a\u00fan en proceso de adecuaci\u00f3n, donde operan la parte administrativa y las consultas, y el edificio\u00a0 viejo, donde funcionan las \u00e1reas de la Emergencia. La parte vieja tiene muchas limitaciones de espacio y seg\u00fan afirman los pacientes \u201cse cae a pedazos\u201d.<\/p>\n<p>Impactos: 130<\/p>","protected":false},"excerpt":{"rendered":"<p>M\u00e1ximo Laureano SANTIAGO.-Arisnachy Gom\u00e9z D\u00edaz, m\u00e9dico director del Hospital Juan XXIII, defendi\u00f3 su gesti\u00f3n\u00a0 y atribuy\u00f3 a posible falta de coordinaci\u00f3n del personal el<\/p>\n","protected":false},"author":3,"featured_media":3661,"comment_status":"closed","ping_status":"closed","sticky":false,"template":"","format":"standard","meta":[],"categories":[3],"tags":[],"_links":{"self":[{"href":"https:\/\/hormigaradio.com\/index.php?rest_route=\/wp\/v2\/posts\/3657"}],"collection":[{"href":"https:\/\/hormigaradio.com\/index.php?rest_route=\/wp\/v2\/posts"}],"about":[{"href":"https:\/\/hormigaradio.com\/index.php?rest_route=\/wp\/v2\/types\/post"}],"author":[{"embeddable":true,"href":"https:\/\/hormigaradio.com\/index.php?rest_route=\/wp\/v2\/users\/3"}],"replies":[{"embeddable":true,"href":"https:\/\/hormigaradio.com\/index.php?rest_route=%2Fwp%2Fv2%2Fcomments&post=3657"}],"version-history":[{"count":3,"href":"https:\/\/hormigaradio.com\/index.php?rest_route=\/wp\/v2\/posts\/3657\/revisions"}],"predecessor-version":[{"id":3662,"href":"https:\/\/hormigaradio.com\/index.php?rest_route=\/wp\/v2\/posts\/3657\/revisions\/3662"}],"wp:featuredmedia":[{"embeddable":true,"href":"https:\/\/hormigaradio.com\/index.php?rest_route=\/wp\/v2\/media\/3661"}],"wp:attachment":[{"href":"https:\/\/hormigaradio.com\/index.php?rest_route=%2Fwp%2Fv2%2Fmedia&parent=3657"}],"wp:term":[{"taxonomy":"category","embeddable":true,"href":"https:\/\/hormigaradio.com\/index.php?rest_route=%2Fwp%2Fv2%2Fcategories&post=3657"},{"taxonomy":"post_tag","embeddable":true,"href":"https:\/\/hormigaradio.com\/index.php?rest_route=%2Fwp%2Fv2%2Ftags&post=3657"}],"curies":[{"name":"wp","href":"https:\/\/api.w.org\/{rel}","templated":true}]}}