{"id":3664,"date":"2018-10-04T17:43:34","date_gmt":"2018-10-04T17:43:34","guid":{"rendered":"http:\/\/hormigaradio.com\/?p=3664"},"modified":"2018-10-04T17:43:34","modified_gmt":"2018-10-04T17:43:34","slug":"fernando-casado-afirma-que-fue-quien-puso-titulos-a-una-primavera-para-el-mundo-y-a-la-gaviota","status":"publish","type":"post","link":"https:\/\/hormigaradio.com\/?p=3664","title":{"rendered":"Fernando Casado afirma que fue quien puso t\u00edtulos a \u201cUna primavera para el mundo\u201d y a \u201cLa Gaviota\u201d"},"content":{"rendered":"<p><a href=\"https:\/\/acento.com.do\/author\/mlaureano\/\">M\u00e1ximo Laureano<\/a><\/p>\n<figure id=\"attachment_3665\" aria-describedby=\"caption-attachment-3665\" style=\"width: 500px\" class=\"wp-caption aligncenter\"><a href=\"http:\/\/hormigaradio.com\/?attachment_id=3665\" rel=\"attachment wp-att-3665\"><img loading=\"lazy\" class=\"wp-image-3665 size-full\" src=\"http:\/\/hormigaradio.com\/wp-content\/uploads\/2018\/10\/fernando-de-acento.jpg\" alt=\"\" width=\"500\" height=\"305\" srcset=\"https:\/\/hormigaradio.com\/wp-content\/uploads\/2018\/10\/fernando-de-acento.jpg 500w, https:\/\/hormigaradio.com\/wp-content\/uploads\/2018\/10\/fernando-de-acento-300x183.jpg 300w\" sizes=\"(max-width: 500px) 100vw, 500px\" \/><\/a><figcaption id=\"caption-attachment-3665\" class=\"wp-caption-text\">Foto: M\u00e1ximo Laureano\/Acento.com.do\/Fernando Casado y Rafael Alm\u00e1nzar<\/figcaption><\/figure>\n<p>SANTIAGO, Rep\u00fablica Dominicana.-El cantante Fernando Casado afirm\u00f3 que fue \u00e9l quien\u00a0 titul\u00f3 el poema de Ren\u00e9 del Risco, que el maestro Rafael Solano convirti\u00f3 en canci\u00f3n, \u201cUna primavera para el mundo\u201d, y de igual manera a\u00a0 la criolla del profesor Juan Bosch \u201cLa Gaviota\u201d.<\/p>\n<p>En un conversatorio con el folclorista Rafael Am\u00e1nzar, \u00a0en el Encuentro con los Grandes, en\u00a0 Casa de Arte, en el\u00a0 Boulevard de los Artistas, en Santiago,\u00a0 Casado tambi\u00e9n cont\u00f3 la experiencia con la canci\u00f3n \u00a0\u201cUna primavera para el mundo\u201d, originalmente un poema de Ren\u00e9 del Risco.<\/p>\n<p>Dijo que Ren\u00e9 del Risco compuso\u00a0 la canci\u00f3n despu\u00e9s de que el maestro Rafael Solano se so\u00f1ara con la melod\u00eda\u00a0 e hiciera los arreglos en el piano, al d\u00eda siguiente.<\/p>\n<p>\u201cSolano me llam\u00f3 como a las 2:00 de la madrugada y me dijo, ven que me so\u00f1\u00e9 con una melod\u00eda para una canci\u00f3n, le dije que era muy tarde que la anotara para hacerla al otro d\u00eda. Nos juntamos\u00a0 como a las 8:00 de la ma\u00f1ana, empez\u00f3\u00a0 hacer la canci\u00f3n y cuando la termin\u00f3 acordamos llamar a Ren\u00e9, para que hiciera las letras\u201d, cont\u00f3\u00a0\u00a0 Fernando Casado.<\/p>\n<p>\u201cEl maestro\u00a0 Solano, estaba en el piano, y Ren\u00e9 caminaba de un lado otro inspirado, dictando las letras, y yo escrib\u00eda lo que\u00a0 Ren\u00e9 dec\u00eda. Y cuando\u00a0 la termin\u00f3 nos preguntamos\u00a0 por el t\u00edtulo,\u00a0 y yo propuse que se llamara \u201cUna primavera para el mundo. Ren\u00e9 lo aprob\u00f3, y as\u00ed se qued\u00f3\u201d, dijo El Magistrado Fernando Casado.<\/p>\n<p>Sobre las letras de Bosch que dieron lugar a la criolla popular, Fernando Casado dijo que cuando el abogado y dirigente pol\u00edtico Euclides Guti\u00e9rrez F\u00e9lix le habl\u00f3\u00a0 de la composici\u00f3n del ilustre escritor, no dud\u00f3 en\u00a0 grabarla, y que en principio el t\u00edtulo era \u201cAnhelo\u201d. Detall\u00f3 que sugiri\u00f3 que se titulara La Gaviota, por entender que ser\u00eda m\u00e1s adecuado para el p\u00fablico.<\/p>\n<p>Fernando Casado,\u00a0 quien recorri\u00f3 muchas naciones representando la Rep\u00fablica Dominicana, en distintos festivales internacionales de la canci\u00f3n, tambi\u00e9n habl\u00f3 de la criolla \u201cLuc\u00eda\u201d, de la autor\u00eda del pol\u00edtico y escritor Joaqu\u00edn Balaguer.<\/p>\n<div class=\"wp-caption aligncenter\"><img loading=\"lazy\" class=\"size-large\" src=\"https:\/\/ssl.c.photoshelter.com\/img-get\/I0000KL4gGHXGcBQ\/s\/500\/I0000KL4gGHXGcBQ.jpg\" alt=\"Fernando Casado fue honrado por Casa de Arte.\" width=\"375\" height=\"500\" \/><\/p>\n<p class=\"wp-caption-text\"><strong>Fernando Casado fue honrado por Casa de Arte.<\/strong><\/p>\n<\/div>\n<p>\u201cSi Balaguer no hubiese sido el personaje pol\u00edtico que fue,\u00a0 hubiese habido que hablar de \u00e9l por Luc\u00eda\u201d, dijo Casado, al valorar la composici\u00f3n.<\/p>\n<p>El cantante, que alcanz\u00f3 fama por una interpretaci\u00f3n y participaci\u00f3n extraordinaria, en Miss Universo de 1977, junto a Los\u00a0 Juglares, con la canci\u00f3n \u201cComo me besabas t\u00fa\u201d (del maestro Jos\u00e9 Dolores Cer\u00f3n, que en principio se titulaba \u201cComo t\u00fa me besabas\u201d), dijo que cuando\u00a0 grab\u00f3 la criolla Luc\u00eda, se la mand\u00f3 a Balaguer, para que le confirmara si esas eran las letras que hab\u00eda escrito, y que el l\u00edder pol\u00edtico\u00a0 le dio el visto bueno.<\/p>\n<p>Adem\u00e1s de contar parte de su vida como artista, Fernando Casado tambi\u00e9n\u00a0 habl\u00f3\u00a0 de sus experiencias como\u00a0 locutor profesional\u00a0 en la estatal La Voz Dominicana y otras estaciones de radio de la Rep\u00fablica Dominicana y el extranjero.<\/p>\n<p>Casado \u00a0tambi\u00e9n\u00a0 form\u00f3 parte de la generaci\u00f3n que vivi\u00f3 de cerca la \u00e9poca de la Revoluci\u00f3n de Abril de 1965, de la cual dijo\u00a0 fue un soldado desde el primer d\u00eda, cuando se encontraba precisamente en Radio Televisi\u00f3n Dominicana (antes La Voz Dominicana).<\/p>\n<p>Impactos: 205<\/p>","protected":false},"excerpt":{"rendered":"<p>M\u00e1ximo Laureano SANTIAGO, Rep\u00fablica Dominicana.-El cantante Fernando Casado afirm\u00f3 que fue \u00e9l quien\u00a0 titul\u00f3 el poema de Ren\u00e9 del Risco, que el maestro Rafael<\/p>\n","protected":false},"author":3,"featured_media":3665,"comment_status":"closed","ping_status":"closed","sticky":false,"template":"","format":"standard","meta":[],"categories":[4],"tags":[],"_links":{"self":[{"href":"https:\/\/hormigaradio.com\/index.php?rest_route=\/wp\/v2\/posts\/3664"}],"collection":[{"href":"https:\/\/hormigaradio.com\/index.php?rest_route=\/wp\/v2\/posts"}],"about":[{"href":"https:\/\/hormigaradio.com\/index.php?rest_route=\/wp\/v2\/types\/post"}],"author":[{"embeddable":true,"href":"https:\/\/hormigaradio.com\/index.php?rest_route=\/wp\/v2\/users\/3"}],"replies":[{"embeddable":true,"href":"https:\/\/hormigaradio.com\/index.php?rest_route=%2Fwp%2Fv2%2Fcomments&post=3664"}],"version-history":[{"count":1,"href":"https:\/\/hormigaradio.com\/index.php?rest_route=\/wp\/v2\/posts\/3664\/revisions"}],"predecessor-version":[{"id":3666,"href":"https:\/\/hormigaradio.com\/index.php?rest_route=\/wp\/v2\/posts\/3664\/revisions\/3666"}],"wp:featuredmedia":[{"embeddable":true,"href":"https:\/\/hormigaradio.com\/index.php?rest_route=\/wp\/v2\/media\/3665"}],"wp:attachment":[{"href":"https:\/\/hormigaradio.com\/index.php?rest_route=%2Fwp%2Fv2%2Fmedia&parent=3664"}],"wp:term":[{"taxonomy":"category","embeddable":true,"href":"https:\/\/hormigaradio.com\/index.php?rest_route=%2Fwp%2Fv2%2Fcategories&post=3664"},{"taxonomy":"post_tag","embeddable":true,"href":"https:\/\/hormigaradio.com\/index.php?rest_route=%2Fwp%2Fv2%2Ftags&post=3664"}],"curies":[{"name":"wp","href":"https:\/\/api.w.org\/{rel}","templated":true}]}}