{"id":367,"date":"2018-01-15T22:50:57","date_gmt":"2018-01-15T22:50:57","guid":{"rendered":"http:\/\/hormigaradio.com\/?p=367"},"modified":"2018-01-15T22:51:18","modified_gmt":"2018-01-15T22:51:18","slug":"sigue-el-lio-en-santiago-ayuntamiento-prohibe-a-coraasan-conectar-servicio-de-agua","status":"publish","type":"post","link":"https:\/\/hormigaradio.com\/?p=367","title":{"rendered":"Sigue el l\u00edo en Santiago: Ayuntamiento proh\u00edbe a Coraasan conectar servicio de agua"},"content":{"rendered":"<p><span class=\"author\"><a href=\"https:\/\/acento.com.do\/author\/mlaureano\/\">M\u00e1ximo Laureano<\/a><\/span><\/p>\n<figure id=\"attachment_368\" aria-describedby=\"caption-attachment-368\" style=\"width: 238px\" class=\"wp-caption alignleft\"><a href=\"http:\/\/hormigaradio.com\/wp-content\/uploads\/2018\/01\/documento-de-la-coraasan.jpg\"><img loading=\"lazy\" class=\"wp-image-368 size-medium\" src=\"http:\/\/hormigaradio.com\/wp-content\/uploads\/2018\/01\/documento-de-la-coraasan-238x300.jpg\" alt=\"\" width=\"238\" height=\"300\" srcset=\"https:\/\/hormigaradio.com\/wp-content\/uploads\/2018\/01\/documento-de-la-coraasan-238x300.jpg 238w, https:\/\/hormigaradio.com\/wp-content\/uploads\/2018\/01\/documento-de-la-coraasan.jpg 762w\" sizes=\"(max-width: 238px) 100vw, 238px\" \/><\/a><figcaption id=\"caption-attachment-368\" class=\"wp-caption-text\">Notificaci\u00f3n de las autoridades municipales, enviada a la Coraasan.<\/figcaption><\/figure>\n<p>SANTIAGO, Rep\u00fablica Dominicana.-Luego de la disposici\u00f3n de ejecutivos de la Corporaci\u00f3n de Acueducto y Alcantarillado de Santiago (Coraasan), de no \u00a0cobrar en su facturaci\u00f3n el servicio de recogida de basura que corresponde al ayuntamiento, la alcald\u00eda devolvi\u00f3 el golpe advirti\u00e9ndole a la administradora del agua y alcantarillado que a partir de este lunes 15 de enero no podr\u00e1\u00a0 \u201cni pegar un tubo\u201d, sin la aprobaci\u00f3n de las autoridades municipales.<\/p>\n<p>De esta manera la Coraasan, sin previa autorizaci\u00f3n de la Alcald\u00eda, no podr\u00e1 conectar el servicio de agua potable a los clientes que lo soliciten.<\/p>\n<p>Este es un cap\u00edtulo m\u00e1s de la pugna pol\u00edtica y personal entre el director de la Coraasan, el danilista Silvio Dur\u00e1n, y el alcalde de Santiago, el leonelista Abel Mart\u00ednez.<!--more--><\/p>\n<p>Esta situaci\u00f3n desencadenar\u00eda una deficiencia\u00a0en el servicio de agua potable a hogares y negocios, debido a que los usuarios estar\u00edan a expensas de las firmas de\u00a0 los funcionarios de la alcald\u00eda para que se les atiendan sus necesidades. As\u00ed lo ha advertido\u00a0 la Coraasan, ante la notificaci\u00f3n de municipal entregada el jueves 11 de enero del 2018.<\/p>\n<blockquote>\n<h3>Todo sobre la\u00a0<a href=\"https:\/\/acento.com.do\/?s=Coraasan&amp;post_type=post\">pugna de la Alcald\u00eda de Santiago y la Coraasan<\/a><\/h3>\n<\/blockquote>\n<p>Seg\u00fan se lee en\u00a0 la notificaci\u00f3n del Ayuntamiento\u00a0 local, los obreros y t\u00e9cnicos de\u00a0 la Coraasan, no podr\u00e1n hacer ning\u00fan tipo de conexi\u00f3n de redes,\u00a0 excavaci\u00f3n, ni ninguna otra acci\u00f3n, dentro de los l\u00edmites territoriales del municipio de Santiago, sin antes cumplir con un protocolo exigidos por el alcalde, Abel \u00a0Atahualpa Mart\u00ednez Dur\u00e1n o sus subalternos.<\/p>\n<p>La notificaci\u00f3n municipal enviada a los ejecutivos de la Coraasan refiere que toda acci\u00f3n que requiera hacer la instituci\u00f3n del agua, tendr\u00e1 que ser previamente, discutida, evaluada y aprobada, por los titulares de los departamentos de \u00a0Planeamiento Urbano, \u00a0Obras P\u00fablicas\u00a0 Municipales y la Consultor\u00eda Jur\u00eddica.<\/p>\n<p>La comunicaci\u00f3n advierte que en caso de emergencias,\u00a0 los t\u00e9cnicos del Ayuntamiento, emitir\u00e1n una autorizaci\u00f3n provisional, para que se resuelvan los casos,\u00a0 no obstante, se advierte que en el plazo m\u00e1s breve posible, los ejecutivos de la Coraasan, deben completar los tr\u00e1mites, porque lo contrario, los trabajos ser\u00e1n paralizados.<\/p>\n<p>El enfrentamiento de los ejecutivos de la Coraasan y\u00a0 el Ayuntamiento de Santiago, se ha extendido por m\u00e1s de un a\u00f1o, sin que hasta la fecha, se adviertan\u00a0 soluciones al conflicto,\u00a0 que tiene su origen en el cobro de deudas comunes por el servicios entre ambas instituciones. El Ayuntamiento\u00a0 reclama\u00a0 el pago de\u00a0<strong>RD$ 45 millones<\/strong>, del cobro del servicio de recogida de la\u00a0 basura, retenido desde la gesti\u00f3n del alcalde Gilberto Serulle, exigencia a la cual la Coraasan,\u00a0 ha respondido con el reclamo de unos\u00a0<strong>200 millones<\/strong>, por deudas acumuladas por las administraciones municipales, por el servicio de agua potable a la Alcald\u00eda y las plazas p\u00fablicas.<\/p>\n<p>El caso Coraasan-Ayuntamiento, ha estado en puntos \u00e1lgidos desde el julio del 2017, cuando\u00a0\u00a0 los ejecutivos del Ayuntamiento se fueron a los tribunales para reclamar el dinero retenido y la Coraasan\u00a0 respondi\u00f3 con una contra demanda.<img loading=\"lazy\" class=\"attachment-full wp-post-image aligncenter\" src=\"https:\/\/acento.com.do\/wp-content\/uploads\/i00007dotdgcavi0jpg.jpg\" alt=\"\" width=\"500\" height=\"278\" \/><\/p>\n<p>Ambos reclamos fueron retirados de los tribunales, tras un\u00a0 \u201cacuerdo amigable\u201d, entre las partes, el cual no se ha cumplido, a pesar\u00a0 de los esfuerzos \u00a0hechos por el alcalde Abel Mart\u00ednez y el director de la Coraasan, Silvio Dur\u00e1n.<\/p>\n<p>Tras el problema, ambos funcionarios arrancaron el 2018, en disputa y crearon dos comisiones negociadoras, pero estas no han podido\u00a0 llegar a un acuerdo definitivo.<\/p>\n<p>Algunos sectores locales, consideran\u00a0 que los inconvenientes entre Mart\u00ednez y Dur\u00e1n, radican en las diferencias internas del\u00a0 gobernante, Partido de la Libraci\u00f3n Dominicana (PLD), ya que\u00a0 el alcalde es de la l\u00ednea del ex presidente Leonel Fern\u00e1ndez y Dur\u00e1n, es de la corriente del presidente Danilo Medina.<\/p>\n<p>Llama la atenci\u00f3n que a pesar\u00a0 de la\u00a0 intensidad de la confrontaci\u00f3n y los problemas que esta podr\u00eda acarrear a los ciudadanos, ninguna autoridad del PLD, ni del gobierno se haya pronunciado para procurar una mediaci\u00f3n.<\/p>\n<h3>Todo sobre la\u00a0<a href=\"https:\/\/acento.com.do\/?s=Coraasan&amp;post_type=post\">pugna de la Alcald\u00eda de Santiago y la Coraasan<\/a><\/h3>\n<p>Impactos: 209<\/p>","protected":false},"excerpt":{"rendered":"<p>M\u00e1ximo Laureano SANTIAGO, Rep\u00fablica Dominicana.-Luego de la disposici\u00f3n de ejecutivos de la Corporaci\u00f3n de Acueducto y Alcantarillado de Santiago (Coraasan), de no \u00a0cobrar en<\/p>\n","protected":false},"author":3,"featured_media":368,"comment_status":"open","ping_status":"closed","sticky":false,"template":"","format":"standard","meta":[],"categories":[9],"tags":[],"_links":{"self":[{"href":"https:\/\/hormigaradio.com\/index.php?rest_route=\/wp\/v2\/posts\/367"}],"collection":[{"href":"https:\/\/hormigaradio.com\/index.php?rest_route=\/wp\/v2\/posts"}],"about":[{"href":"https:\/\/hormigaradio.com\/index.php?rest_route=\/wp\/v2\/types\/post"}],"author":[{"embeddable":true,"href":"https:\/\/hormigaradio.com\/index.php?rest_route=\/wp\/v2\/users\/3"}],"replies":[{"embeddable":true,"href":"https:\/\/hormigaradio.com\/index.php?rest_route=%2Fwp%2Fv2%2Fcomments&post=367"}],"version-history":[{"count":2,"href":"https:\/\/hormigaradio.com\/index.php?rest_route=\/wp\/v2\/posts\/367\/revisions"}],"predecessor-version":[{"id":370,"href":"https:\/\/hormigaradio.com\/index.php?rest_route=\/wp\/v2\/posts\/367\/revisions\/370"}],"wp:featuredmedia":[{"embeddable":true,"href":"https:\/\/hormigaradio.com\/index.php?rest_route=\/wp\/v2\/media\/368"}],"wp:attachment":[{"href":"https:\/\/hormigaradio.com\/index.php?rest_route=%2Fwp%2Fv2%2Fmedia&parent=367"}],"wp:term":[{"taxonomy":"category","embeddable":true,"href":"https:\/\/hormigaradio.com\/index.php?rest_route=%2Fwp%2Fv2%2Fcategories&post=367"},{"taxonomy":"post_tag","embeddable":true,"href":"https:\/\/hormigaradio.com\/index.php?rest_route=%2Fwp%2Fv2%2Ftags&post=367"}],"curies":[{"name":"wp","href":"https:\/\/api.w.org\/{rel}","templated":true}]}}